{"id":7537,"date":"2024-10-18T17:48:26","date_gmt":"2024-10-18T15:48:26","guid":{"rendered":"https:\/\/www.arredamont.it\/?p=7537"},"modified":"2024-10-18T17:48:26","modified_gmt":"2024-10-18T15:48:26","slug":"artigianato-tra-tradizione-e-innovazione","status":"publish","type":"post","link":"https:\/\/arredamont.it\/en\/artigianato-tra-tradizione-e-innovazione\/","title":{"rendered":"Artigianato tra tradizione e innovazione"},"content":{"rendered":"<h3><strong><em>A Longarone Fiere Dolomiti dal 26 ottobre al 3 novembre torna Arredamont, la mostra dell\u2019arredare in montagna<\/em><\/strong><\/h3>\n<h3><strong><em>Appuntamenti speciali con Arte in Fiera e con la mostra \u201cScie di gloria\u201d<\/em><\/strong><\/h3>\n<p>A come arredamento. Ma anche come artigianato, come arte. Sono questi i fulcri su cui ruota la 46. Arredamont, mostra nazionale dell\u2019arredare in montagna, di scena a Longarone Fiere Dolomiti dal 26 ottobre al 3 novembre. Da una parte la tradizione che da quasi mezzo secolo rivive ogni autunno nel quartiere fieristico, portando le migliori aziende del mobile su misura declinato per le aree montane. Dall\u2019altra l\u2019innovazione che fa breccia anche nell\u2019artigianato e collabora con le mani sapienti dei maestri artigiani per produrre pezzi unici.<\/p>\n<p>\u00abAd Arredamont 2024 troviamo una panoramica di quello che sono oggi le piccole e medie imprese del settore arredamento: un mix clamoroso tra artigianato e innovazione, mani sapienti che trasformano una materia prima pregiata come il legno, ma anche attrezzature avanzate che lavorano insieme per dare vita a un prodotto pi\u00f9 simile a un\u2019opera d\u2019arte che a un mobile\u00bb spiega Michele Dal Farra, presidente di Longarone Fiere Dolomiti. \u00abQuest\u2019anno ospitiamo quasi 200 aziende, in rappresentanza di 217 marchi, 12 regioni italiane e 8 Paesi esteri. Negli anni questa fiera \u00e8 sempre cresciuta, per l\u2019interesse delle imprese e del pubblico che trova sempre motivi di visita. E l\u2019edizione 46 ha ottenuto un suo piccolo record: un +15% di aziende presenti\u00bb.<\/p>\n<p>Arredamont sar\u00e0 ricca di momenti di approfondimento, di workshop per le imprese, di incontri. \u00abE diventa anche un possibile punto di riferimento per il territorio bellunese nella tematica cos\u00ec complessa e attuale della residenzialit\u00e0\u00bb aggiunge Alberto Peterle, consigliere provinciale delegato proprio alla residenzialit\u00e0 e alle attivit\u00e0 produttive. \u00abOggi il Bellunese sconta la difficolt\u00e0 a trovare alloggi per chi viene da fuori, soprattutto lavoratori e professionisti attratti dalle possibilit\u00e0 lavorative. Lavorare anche sull\u2019arredamento di livello per riqualificare il patrimonio edilizio pu\u00f2 essere una delle chiavi da perseguire\u00bb.<\/p>\n<h3><strong>A COME ARTIGIANATO<\/strong><\/h3>\n<p>I protagonisti di Arredamont saranno anche quest\u2019anno gli artigiani, che porteranno in fiera non solo le aziende, ma anche idee e confronto. Confartigianato proporr\u00e0 una serie di incontri e convegni dedicati a diverse tematiche, dal legno e dalla gestione della tracciabilit\u00e0 del legname fino agli incentivi per la casa. Appia Cna sar\u00e0 in fiera con workshop e dimostrazioni che spazieranno dalle lavorazioni del legno al marketing e alla comunicazione.<\/p>\n<h3><strong>ARTE IN FIERA<\/strong><\/h3>\n<p>Anche quest\u2019anno poi Arredamont sar\u00e0 collegata ad Arte in Fiera, con una sorta di antipasto dell\u2019edizione piena pronta a tornare in partnership con Ricostruire, la mostra dell\u2019edilizia in calendario per inizio 2025.<\/p>\n<p>\u00abAvremo ad Arredamont la conclusione del concorso di idee per il \u201cMonumento degli zattieri\u201d con la premiazione del vincitore. E il Museo Murer ci onorer\u00e0 anche quest\u2019anno della sua presenza\u00bb spiega Franco Fonzo, curatore di Arte in Fiera. \u00abOvviamente spazio particolare all\u2019arte intesa come design, per dialogare con l\u2019arredamento. In tal senso avremo opere di grandi artisti italiani e di due artisti serbi\u00bb.<\/p>\n<h3><strong>LA MOSTRA<\/strong><\/h3>\n<p>Il valore aggiunto di Arredamont 2024 sar\u00e0 la possibilit\u00e0 per i visitatori di ammirare la mostra \u201cScie di gloria\u201d, la raccolta di attrezzatura degli sport invernali da inizio Novecento alla contemporaneit\u00e0, con pezzi unici autografati dai grandi atleti della \u201cvalanga azzurra\u201d e dai nomi di spicco dello sci.<\/p>\n","protected":false},"excerpt":{"rendered":"<p>A Longarone Fiere Dolomiti dal 26 ottobre al 3 novembre torna Arredamont, la mostra dell\u2019arredare in montagna Appuntamenti speciali con Arte in Fiera e con la mostra \u201cScie di gloria\u201d A come arredamento. Ma anche come artigianato, come arte. Sono questi i fulcri su cui ruota la 46. Arredamont, mostra nazionale dell\u2019arredare in montagna, di [&hellip;]<\/p>\n","protected":false},"author":3,"featured_media":7538,"comment_status":"closed","ping_status":"closed","sticky":false,"template":"","format":"standard","meta":{"_acf_changed":false,"footnotes":""},"categories":[2219],"tags":[2423,2428,2304,2157,2429],"class_list":["post-7537","post","type-post","status-publish","format-standard","has-post-thumbnail","hentry","category-news","tag-appia-cna","tag-arredamont-2024","tag-arte-in-fiera-dolomiti","tag-confartigianato","tag-scie-di-gloria"],"acf":[],"yoast_head":"<!-- This site is optimized with the Yoast SEO plugin v26.2 - https:\/\/yoast.com\/wordpress\/plugins\/seo\/ -->\n<title>Artigianato tra tradizione e innovazione | Arredamont<\/title>\n<meta name=\"robots\" content=\"index, follow, max-snippet:-1, max-image-preview:large, max-video-preview:-1\" \/>\n<link rel=\"canonical\" href=\"https:\/\/arredamont.it\/en\/artigianato-tra-tradizione-e-innovazione\/\" \/>\n<meta property=\"og:locale\" content=\"en_US\" \/>\n<meta property=\"og:type\" content=\"article\" \/>\n<meta property=\"og:title\" content=\"Artigianato tra tradizione e innovazione | Arredamont\" \/>\n<meta property=\"og:description\" content=\"A Longarone Fiere Dolomiti dal 26 ottobre al 3 novembre torna Arredamont, la mostra dell\u2019arredare in montagna Appuntamenti speciali con Arte in Fiera e con la mostra \u201cScie di gloria\u201d A come arredamento. Ma anche come artigianato, come arte. Sono questi i fulcri su cui ruota la 46. Arredamont, mostra nazionale dell\u2019arredare in montagna, di [&hellip;]\" \/>\n<meta property=\"og:url\" content=\"https:\/\/arredamont.it\/en\/artigianato-tra-tradizione-e-innovazione\/\" \/>\n<meta property=\"og:site_name\" content=\"Arredamont\" \/>\n<meta property=\"article:publisher\" content=\"https:\/\/www.facebook.com\/arredamont.longaronefiere\" \/>\n<meta property=\"article:published_time\" content=\"2024-10-18T15:48:26+00:00\" \/>\n<meta property=\"og:image\" content=\"https:\/\/arredamont.it\/wp-content\/uploads\/2024\/10\/Presentazione-Arredamont-a-Palazzo-Piloni-scaled-1.jpg\" \/>\n\t<meta property=\"og:image:width\" content=\"2560\" \/>\n\t<meta property=\"og:image:height\" content=\"1780\" \/>\n\t<meta property=\"og:image:type\" content=\"image\/jpeg\" \/>\n<meta name=\"author\" content=\"Longarone Fiere\" \/>\n<meta name=\"twitter:card\" content=\"summary_large_image\" \/>\n<meta name=\"twitter:label1\" content=\"Written by\" \/>\n\t<meta name=\"twitter:data1\" content=\"Longarone Fiere\" \/>\n\t<meta name=\"twitter:label2\" content=\"Est. reading time\" \/>\n\t<meta name=\"twitter:data2\" content=\"4 minutes\" \/>\n<script type=\"application\/ld+json\" class=\"yoast-schema-graph\">{\"@context\":\"https:\/\/schema.org\",\"@graph\":[{\"@type\":\"Article\",\"@id\":\"https:\/\/arredamont.it\/en\/artigianato-tra-tradizione-e-innovazione\/#article\",\"isPartOf\":{\"@id\":\"https:\/\/arredamont.it\/en\/artigianato-tra-tradizione-e-innovazione\/\"},\"author\":{\"name\":\"Longarone Fiere\",\"@id\":\"https:\/\/arredamont.it\/en\/#\/schema\/person\/2ce2f615148903aec7fe53b6cc9b5d54\"},\"headline\":\"Artigianato tra tradizione e innovazione\",\"datePublished\":\"2024-10-18T15:48:26+00:00\",\"mainEntityOfPage\":{\"@id\":\"https:\/\/arredamont.it\/en\/artigianato-tra-tradizione-e-innovazione\/\"},\"wordCount\":548,\"publisher\":{\"@id\":\"https:\/\/arredamont.it\/en\/#organization\"},\"image\":{\"@id\":\"https:\/\/arredamont.it\/en\/artigianato-tra-tradizione-e-innovazione\/#primaryimage\"},\"thumbnailUrl\":\"https:\/\/arredamont.it\/wp-content\/uploads\/2024\/10\/Presentazione-Arredamont-a-Palazzo-Piloni-scaled-1.jpg\",\"keywords\":[\"Appia CNA\",\"Arredamont 2024\",\"Arte in Fiera Dolomiti\",\"Confartigianato\",\"Scie di Gloria\"],\"articleSection\":[\"News\"],\"inLanguage\":\"en-US\"},{\"@type\":\"WebPage\",\"@id\":\"https:\/\/arredamont.it\/en\/artigianato-tra-tradizione-e-innovazione\/\",\"url\":\"https:\/\/arredamont.it\/en\/artigianato-tra-tradizione-e-innovazione\/\",\"name\":\"Artigianato tra tradizione e innovazione | Arredamont\",\"isPartOf\":{\"@id\":\"https:\/\/arredamont.it\/en\/#website\"},\"primaryImageOfPage\":{\"@id\":\"https:\/\/arredamont.it\/en\/artigianato-tra-tradizione-e-innovazione\/#primaryimage\"},\"image\":{\"@id\":\"https:\/\/arredamont.it\/en\/artigianato-tra-tradizione-e-innovazione\/#primaryimage\"},\"thumbnailUrl\":\"https:\/\/arredamont.it\/wp-content\/uploads\/2024\/10\/Presentazione-Arredamont-a-Palazzo-Piloni-scaled-1.jpg\",\"datePublished\":\"2024-10-18T15:48:26+00:00\",\"breadcrumb\":{\"@id\":\"https:\/\/arredamont.it\/en\/artigianato-tra-tradizione-e-innovazione\/#breadcrumb\"},\"inLanguage\":\"en-US\",\"potentialAction\":[{\"@type\":\"ReadAction\",\"target\":[\"https:\/\/arredamont.it\/en\/artigianato-tra-tradizione-e-innovazione\/\"]}]},{\"@type\":\"ImageObject\",\"inLanguage\":\"en-US\",\"@id\":\"https:\/\/arredamont.it\/en\/artigianato-tra-tradizione-e-innovazione\/#primaryimage\",\"url\":\"https:\/\/arredamont.it\/wp-content\/uploads\/2024\/10\/Presentazione-Arredamont-a-Palazzo-Piloni-scaled-1.jpg\",\"contentUrl\":\"https:\/\/arredamont.it\/wp-content\/uploads\/2024\/10\/Presentazione-Arredamont-a-Palazzo-Piloni-scaled-1.jpg\",\"width\":2560,\"height\":1780,\"caption\":\"Presentazione Arredamont a Palazzo Piloni\"},{\"@type\":\"BreadcrumbList\",\"@id\":\"https:\/\/arredamont.it\/en\/artigianato-tra-tradizione-e-innovazione\/#breadcrumb\",\"itemListElement\":[{\"@type\":\"ListItem\",\"position\":1,\"name\":\"Home\",\"item\":\"https:\/\/arredamont.it\/en\/\"},{\"@type\":\"ListItem\",\"position\":2,\"name\":\"Artigianato tra tradizione e innovazione\"}]},{\"@type\":\"WebSite\",\"@id\":\"https:\/\/arredamont.it\/en\/#website\",\"url\":\"https:\/\/arredamont.it\/en\/\",\"name\":\"Arredamont\",\"description\":\"Longarone Fiere Dolomiti\",\"publisher\":{\"@id\":\"https:\/\/arredamont.it\/en\/#organization\"},\"potentialAction\":[{\"@type\":\"SearchAction\",\"target\":{\"@type\":\"EntryPoint\",\"urlTemplate\":\"https:\/\/arredamont.it\/en\/?s={search_term_string}\"},\"query-input\":{\"@type\":\"PropertyValueSpecification\",\"valueRequired\":true,\"valueName\":\"search_term_string\"}}],\"inLanguage\":\"en-US\"},{\"@type\":\"Organization\",\"@id\":\"https:\/\/arredamont.it\/en\/#organization\",\"name\":\"Arredamont\",\"url\":\"https:\/\/arredamont.it\/en\/\",\"logo\":{\"@type\":\"ImageObject\",\"inLanguage\":\"en-US\",\"@id\":\"https:\/\/arredamont.it\/en\/#\/schema\/logo\/image\/\",\"url\":\"https:\/\/arredamont.it\/wp-content\/uploads\/2025\/01\/arredamont.svg\",\"contentUrl\":\"https:\/\/arredamont.it\/wp-content\/uploads\/2025\/01\/arredamont.svg\",\"width\":1,\"height\":1,\"caption\":\"Arredamont\"},\"image\":{\"@id\":\"https:\/\/arredamont.it\/en\/#\/schema\/logo\/image\/\"},\"sameAs\":[\"https:\/\/www.facebook.com\/arredamont.longaronefiere\",\"https:\/\/www.instagram.com\/arredamont\/\",\"https:\/\/www.youtube.com\/playlist?list=PLaiTD5dlw7sCUICBsRH-WqiFGucWE7wDb\"]},{\"@type\":\"Person\",\"@id\":\"https:\/\/arredamont.it\/en\/#\/schema\/person\/2ce2f615148903aec7fe53b6cc9b5d54\",\"name\":\"Longarone Fiere\",\"image\":{\"@type\":\"ImageObject\",\"inLanguage\":\"en-US\",\"@id\":\"https:\/\/arredamont.it\/en\/#\/schema\/person\/image\/\",\"url\":\"https:\/\/secure.gravatar.com\/avatar\/960b08cc69204d10cd0c0d63246fedce35e46c9af83da7a1ea14285de9be3251?s=96&d=mm&r=g\",\"contentUrl\":\"https:\/\/secure.gravatar.com\/avatar\/960b08cc69204d10cd0c0d63246fedce35e46c9af83da7a1ea14285de9be3251?s=96&d=mm&r=g\",\"caption\":\"Longarone Fiere\"}}]}<\/script>\n<!-- \/ Yoast SEO plugin. -->","yoast_head_json":{"title":"Artigianato tra tradizione e innovazione | Arredamont","robots":{"index":"index","follow":"follow","max-snippet":"max-snippet:-1","max-image-preview":"max-image-preview:large","max-video-preview":"max-video-preview:-1"},"canonical":"https:\/\/arredamont.it\/en\/artigianato-tra-tradizione-e-innovazione\/","og_locale":"en_US","og_type":"article","og_title":"Artigianato tra tradizione e innovazione | Arredamont","og_description":"A Longarone Fiere Dolomiti dal 26 ottobre al 3 novembre torna Arredamont, la mostra dell\u2019arredare in montagna Appuntamenti speciali con Arte in Fiera e con la mostra \u201cScie di gloria\u201d A come arredamento. Ma anche come artigianato, come arte. Sono questi i fulcri su cui ruota la 46. Arredamont, mostra nazionale dell\u2019arredare in montagna, di [&hellip;]","og_url":"https:\/\/arredamont.it\/en\/artigianato-tra-tradizione-e-innovazione\/","og_site_name":"Arredamont","article_publisher":"https:\/\/www.facebook.com\/arredamont.longaronefiere","article_published_time":"2024-10-18T15:48:26+00:00","og_image":[{"width":2560,"height":1780,"url":"https:\/\/arredamont.it\/wp-content\/uploads\/2024\/10\/Presentazione-Arredamont-a-Palazzo-Piloni-scaled-1.jpg","type":"image\/jpeg"}],"author":"Longarone Fiere","twitter_card":"summary_large_image","twitter_misc":{"Written by":"Longarone Fiere","Est. reading time":"4 minutes"},"schema":{"@context":"https:\/\/schema.org","@graph":[{"@type":"Article","@id":"https:\/\/arredamont.it\/en\/artigianato-tra-tradizione-e-innovazione\/#article","isPartOf":{"@id":"https:\/\/arredamont.it\/en\/artigianato-tra-tradizione-e-innovazione\/"},"author":{"name":"Longarone Fiere","@id":"https:\/\/arredamont.it\/en\/#\/schema\/person\/2ce2f615148903aec7fe53b6cc9b5d54"},"headline":"Artigianato tra tradizione e innovazione","datePublished":"2024-10-18T15:48:26+00:00","mainEntityOfPage":{"@id":"https:\/\/arredamont.it\/en\/artigianato-tra-tradizione-e-innovazione\/"},"wordCount":548,"publisher":{"@id":"https:\/\/arredamont.it\/en\/#organization"},"image":{"@id":"https:\/\/arredamont.it\/en\/artigianato-tra-tradizione-e-innovazione\/#primaryimage"},"thumbnailUrl":"https:\/\/arredamont.it\/wp-content\/uploads\/2024\/10\/Presentazione-Arredamont-a-Palazzo-Piloni-scaled-1.jpg","keywords":["Appia CNA","Arredamont 2024","Arte in Fiera Dolomiti","Confartigianato","Scie di Gloria"],"articleSection":["News"],"inLanguage":"en-US"},{"@type":"WebPage","@id":"https:\/\/arredamont.it\/en\/artigianato-tra-tradizione-e-innovazione\/","url":"https:\/\/arredamont.it\/en\/artigianato-tra-tradizione-e-innovazione\/","name":"Artigianato tra tradizione e innovazione | Arredamont","isPartOf":{"@id":"https:\/\/arredamont.it\/en\/#website"},"primaryImageOfPage":{"@id":"https:\/\/arredamont.it\/en\/artigianato-tra-tradizione-e-innovazione\/#primaryimage"},"image":{"@id":"https:\/\/arredamont.it\/en\/artigianato-tra-tradizione-e-innovazione\/#primaryimage"},"thumbnailUrl":"https:\/\/arredamont.it\/wp-content\/uploads\/2024\/10\/Presentazione-Arredamont-a-Palazzo-Piloni-scaled-1.jpg","datePublished":"2024-10-18T15:48:26+00:00","breadcrumb":{"@id":"https:\/\/arredamont.it\/en\/artigianato-tra-tradizione-e-innovazione\/#breadcrumb"},"inLanguage":"en-US","potentialAction":[{"@type":"ReadAction","target":["https:\/\/arredamont.it\/en\/artigianato-tra-tradizione-e-innovazione\/"]}]},{"@type":"ImageObject","inLanguage":"en-US","@id":"https:\/\/arredamont.it\/en\/artigianato-tra-tradizione-e-innovazione\/#primaryimage","url":"https:\/\/arredamont.it\/wp-content\/uploads\/2024\/10\/Presentazione-Arredamont-a-Palazzo-Piloni-scaled-1.jpg","contentUrl":"https:\/\/arredamont.it\/wp-content\/uploads\/2024\/10\/Presentazione-Arredamont-a-Palazzo-Piloni-scaled-1.jpg","width":2560,"height":1780,"caption":"Presentazione Arredamont a Palazzo Piloni"},{"@type":"BreadcrumbList","@id":"https:\/\/arredamont.it\/en\/artigianato-tra-tradizione-e-innovazione\/#breadcrumb","itemListElement":[{"@type":"ListItem","position":1,"name":"Home","item":"https:\/\/arredamont.it\/en\/"},{"@type":"ListItem","position":2,"name":"Artigianato tra tradizione e innovazione"}]},{"@type":"WebSite","@id":"https:\/\/arredamont.it\/en\/#website","url":"https:\/\/arredamont.it\/en\/","name":"Arredamont","description":"Longarone Fiere Dolomiti","publisher":{"@id":"https:\/\/arredamont.it\/en\/#organization"},"potentialAction":[{"@type":"SearchAction","target":{"@type":"EntryPoint","urlTemplate":"https:\/\/arredamont.it\/en\/?s={search_term_string}"},"query-input":{"@type":"PropertyValueSpecification","valueRequired":true,"valueName":"search_term_string"}}],"inLanguage":"en-US"},{"@type":"Organization","@id":"https:\/\/arredamont.it\/en\/#organization","name":"Arredamont","url":"https:\/\/arredamont.it\/en\/","logo":{"@type":"ImageObject","inLanguage":"en-US","@id":"https:\/\/arredamont.it\/en\/#\/schema\/logo\/image\/","url":"https:\/\/arredamont.it\/wp-content\/uploads\/2025\/01\/arredamont.svg","contentUrl":"https:\/\/arredamont.it\/wp-content\/uploads\/2025\/01\/arredamont.svg","width":1,"height":1,"caption":"Arredamont"},"image":{"@id":"https:\/\/arredamont.it\/en\/#\/schema\/logo\/image\/"},"sameAs":["https:\/\/www.facebook.com\/arredamont.longaronefiere","https:\/\/www.instagram.com\/arredamont\/","https:\/\/www.youtube.com\/playlist?list=PLaiTD5dlw7sCUICBsRH-WqiFGucWE7wDb"]},{"@type":"Person","@id":"https:\/\/arredamont.it\/en\/#\/schema\/person\/2ce2f615148903aec7fe53b6cc9b5d54","name":"Longarone Fiere","image":{"@type":"ImageObject","inLanguage":"en-US","@id":"https:\/\/arredamont.it\/en\/#\/schema\/person\/image\/","url":"https:\/\/secure.gravatar.com\/avatar\/960b08cc69204d10cd0c0d63246fedce35e46c9af83da7a1ea14285de9be3251?s=96&d=mm&r=g","contentUrl":"https:\/\/secure.gravatar.com\/avatar\/960b08cc69204d10cd0c0d63246fedce35e46c9af83da7a1ea14285de9be3251?s=96&d=mm&r=g","caption":"Longarone Fiere"}}]}},"_links":{"self":[{"href":"https:\/\/arredamont.it\/en\/wp-json\/wp\/v2\/posts\/7537","targetHints":{"allow":["GET"]}}],"collection":[{"href":"https:\/\/arredamont.it\/en\/wp-json\/wp\/v2\/posts"}],"about":[{"href":"https:\/\/arredamont.it\/en\/wp-json\/wp\/v2\/types\/post"}],"author":[{"embeddable":true,"href":"https:\/\/arredamont.it\/en\/wp-json\/wp\/v2\/users\/3"}],"replies":[{"embeddable":true,"href":"https:\/\/arredamont.it\/en\/wp-json\/wp\/v2\/comments?post=7537"}],"version-history":[{"count":0,"href":"https:\/\/arredamont.it\/en\/wp-json\/wp\/v2\/posts\/7537\/revisions"}],"wp:featuredmedia":[{"embeddable":true,"href":"https:\/\/arredamont.it\/en\/wp-json\/wp\/v2\/media\/7538"}],"wp:attachment":[{"href":"https:\/\/arredamont.it\/en\/wp-json\/wp\/v2\/media?parent=7537"}],"wp:term":[{"taxonomy":"category","embeddable":true,"href":"https:\/\/arredamont.it\/en\/wp-json\/wp\/v2\/categories?post=7537"},{"taxonomy":"post_tag","embeddable":true,"href":"https:\/\/arredamont.it\/en\/wp-json\/wp\/v2\/tags?post=7537"}],"curies":[{"name":"wp","href":"https:\/\/api.w.org\/{rel}","templated":true}]}}