{"id":6871,"date":"2022-10-27T13:07:55","date_gmt":"2022-10-27T11:07:55","guid":{"rendered":"http:\/\/www.arredamont.it\/?p=6871"},"modified":"2022-10-27T13:07:55","modified_gmt":"2022-10-27T11:07:55","slug":"sabato-inaugura-la-44-arredamont-protagonisti-il-legno-e-murer","status":"publish","type":"post","link":"https:\/\/arredamont.it\/en\/sabato-inaugura-la-44-arredamont-protagonisti-il-legno-e-murer\/","title":{"rendered":"Sabato inaugura la 44. Arredamont. Protagonisti il legno e Murer."},"content":{"rendered":"<h3><strong><em>E per chi si fermer\u00e0 a ricaricare l\u2019auto elettrica, una lieta attesa grazie ai pass di ingresso gratuito.<\/em><\/strong><\/h3>\n<p>Manca poco al taglio del nastro della <strong>44. Arredamont<\/strong>. La mostra nazionale dell\u2019arredare in montagna. Infatti, si terr\u00e0 sabato prossimo alle 11.30 la cerimonia di inaugurazione. Numerose le autorit\u00e0 attese, ma ospite d\u2019onore sar\u00e0 la <strong>famiglia Murer<\/strong> nel segno della continuit\u00e0 del centenario che ricorda la nascita del grande scultore falcadino <strong>Augusto Murer<\/strong> (1922-2022).<\/p>\n<p>Da sempre <strong>Arredamont<\/strong> \u00e8 sinonimo di <strong>passione per il legno<\/strong>, e ancor pi\u00f9 da quando nel 2018 ha condiviso con il territorio i tremendi danni provocati dall\u2019uragano Vaia. I boschi e la loro straordinaria materia prima, dal grande pregio, che per secoli ha legato la montagna bellunese a Venezia. Una risorsa di cui non si poteva fare a meno, e a cui si sta tornando a puntare, perch\u00e9 alla base della sostenibilit\u00e0 ambientale e della grande rivoluzione del Green Deal. Cos\u00ec il legno \u00e8 da sempre valorizzato all\u2019interno delle manifestazioni di Longarone Fiere Dolomiti, grazie agli espositori e grazie anche ad <strong>Arte in Fiera Dolomiti<\/strong>.<\/p>\n<p>Proprio l\u2019arte e la scultura trasmettono a questa materia prima un valore che trascende i limiti del tempo. In questo era un grande <strong>Maestro Augusto Murer<\/strong>. Per questo, in una occasione unica come il centenario dalla nascita, abbiamo chiesto alla famiglia Murer di tagliare il nastro ad Arredamont. In questa edizione di Arredamont, nel tradizionale spazio riservato ad Arte in Fiera, il Direttore artistico <strong>Franco Fonzo<\/strong> ha previsto delle splendide opere in legno di Murer, grazie alla collaborazione del Museo di Falcade. A fargli compagnia altre sculture di artisti di oggi, come <strong>Beppino Lorenzet<\/strong> e <strong>Barry Bona<\/strong>. Ma anche opere in vetro e ferro, ceramica e terracotta, oltre che pittura e fotografia, con una selezione rappresentativa di <strong>pi\u00f9 di 40 artisti<\/strong>.<\/p>\n<p>Per un\u2019Arredamont che ancor pi\u00f9 quest\u2019anno vuole essere manifestazione di <strong><em>artis fertilitas<\/em><\/strong>. Dove artisti e artigiani lavorano la materia per donare al mondo qualcosa di meraviglioso. Dove la passione per la lavorazione del legno e dei materiali naturali crea opere che realizzano i sogni dei visitatori, create non solo con le mani ma soprattutto con la mente e il cuore&#8230; \u00e8 questa l\u2019anima di Arredamont.<\/p>\n<p>Quindi ampio spazio a boiserie, mobili nuovi e tradizionali, ristrutturazioni con antichi legni ed anche costruzioni con nuovo legname. Complementi d\u2019arredo che valorizzano le <strong>materie prime naturali<\/strong>. Non solo legno, ma anche pietra, ferro e lana lavorati nelle terre di montagna. Lavori e dimostrazioni della grande scuola dei tappezzieri arredatori italiani. E con il progetto di successo \u201cL\u2019Artigiano sotto l\u2019Albero\u201d, il piccolo artigianato di qualit\u00e0, immediatamente riconoscibile ai piedi di una struttura lignea a forma di albero, appunto.<\/p>\n<p>Grande attesa quindi per <strong>Arredamont<\/strong> che sar\u00e0 aperta con orario 10-19,<strong> dal 29 ottobre al 6 novembre<\/strong>, tranne il 2, 3 e 4 novembre con orario ridotto 14-19 (info e dettagli su <a href=\"http:\/\/www.arredamont.it\">www.arredamont.it<\/a>).<\/p>\n<p>E per chi si fermer\u00e0 a <strong>ricaricare l\u2019auto alle nuove colonnine elettriche<\/strong>, installate sulla strada adiacente alla fiera, avr\u00e0 diritto a <strong>due pass di ingresso gratuito<\/strong> e potr\u00e0 visitare Arredamont, mentre attende di fare il pieno.<\/p>\n","protected":false},"excerpt":{"rendered":"<p>E per chi si fermer\u00e0 a ricaricare l\u2019auto elettrica, una lieta attesa grazie ai pass di ingresso gratuito. Manca poco al taglio del nastro della 44. Arredamont. La mostra nazionale dell\u2019arredare in montagna. Infatti, si terr\u00e0 sabato prossimo alle 11.30 la cerimonia di inaugurazione. Numerose le autorit\u00e0 attese, ma ospite d\u2019onore sar\u00e0 la famiglia Murer [&hellip;]<\/p>\n","protected":false},"author":3,"featured_media":18934,"comment_status":"closed","ping_status":"open","sticky":false,"template":"","format":"standard","meta":{"_acf_changed":false,"footnotes":""},"categories":[2219],"tags":[2389,2304,2390,2391,2392,2393,2394,2395,2357],"class_list":["post-6871","post","type-post","status-publish","format-standard","has-post-thumbnail","hentry","category-news","tag-44-arredamont","tag-arte-in-fiera-dolomiti","tag-artis-fertilitas","tag-augusto-murer","tag-barry-bona","tag-beppino-lorenzet","tag-legno","tag-pass-auto-elettriche","tag-passione-per-il-legno"],"acf":[],"yoast_head":"<!-- This site is optimized with the Yoast SEO plugin v26.2 - https:\/\/yoast.com\/wordpress\/plugins\/seo\/ -->\n<title>Sabato inaugura la 44. Arredamont. Protagonisti il legno e Murer. | Arredamont<\/title>\n<meta name=\"robots\" content=\"index, follow, max-snippet:-1, max-image-preview:large, max-video-preview:-1\" \/>\n<link rel=\"canonical\" href=\"https:\/\/arredamont.it\/en\/sabato-inaugura-la-44-arredamont-protagonisti-il-legno-e-murer\/\" \/>\n<meta property=\"og:locale\" content=\"en_US\" \/>\n<meta property=\"og:type\" content=\"article\" \/>\n<meta property=\"og:title\" content=\"Sabato inaugura la 44. Arredamont. Protagonisti il legno e Murer. | Arredamont\" \/>\n<meta property=\"og:description\" content=\"E per chi si fermer\u00e0 a ricaricare l\u2019auto elettrica, una lieta attesa grazie ai pass di ingresso gratuito. Manca poco al taglio del nastro della 44. Arredamont. La mostra nazionale dell\u2019arredare in montagna. Infatti, si terr\u00e0 sabato prossimo alle 11.30 la cerimonia di inaugurazione. Numerose le autorit\u00e0 attese, ma ospite d\u2019onore sar\u00e0 la famiglia Murer [&hellip;]\" \/>\n<meta property=\"og:url\" content=\"https:\/\/arredamont.it\/en\/sabato-inaugura-la-44-arredamont-protagonisti-il-legno-e-murer\/\" \/>\n<meta property=\"og:site_name\" content=\"Arredamont\" \/>\n<meta property=\"article:publisher\" content=\"https:\/\/www.facebook.com\/arredamont.longaronefiere\" \/>\n<meta property=\"article:published_time\" content=\"2022-10-27T11:07:55+00:00\" \/>\n<meta property=\"og:image\" content=\"https:\/\/arredamont.it\/wp-content\/uploads\/2022\/10\/Camera-legno-Arredamont.jpg\" \/>\n\t<meta property=\"og:image:width\" content=\"2000\" \/>\n\t<meta property=\"og:image:height\" content=\"1299\" \/>\n\t<meta property=\"og:image:type\" content=\"image\/jpeg\" \/>\n<meta name=\"author\" content=\"Longarone Fiere\" \/>\n<meta name=\"twitter:card\" content=\"summary_large_image\" \/>\n<meta name=\"twitter:label1\" content=\"Written by\" \/>\n\t<meta name=\"twitter:data1\" content=\"Longarone Fiere\" \/>\n\t<meta name=\"twitter:label2\" content=\"Est. reading time\" \/>\n\t<meta name=\"twitter:data2\" content=\"3 minutes\" \/>\n<script type=\"application\/ld+json\" class=\"yoast-schema-graph\">{\"@context\":\"https:\/\/schema.org\",\"@graph\":[{\"@type\":\"Article\",\"@id\":\"https:\/\/arredamont.it\/en\/sabato-inaugura-la-44-arredamont-protagonisti-il-legno-e-murer\/#article\",\"isPartOf\":{\"@id\":\"https:\/\/arredamont.it\/en\/sabato-inaugura-la-44-arredamont-protagonisti-il-legno-e-murer\/\"},\"author\":{\"name\":\"Longarone Fiere\",\"@id\":\"https:\/\/arredamont.it\/en\/#\/schema\/person\/2ce2f615148903aec7fe53b6cc9b5d54\"},\"headline\":\"Sabato inaugura la 44. Arredamont. Protagonisti il legno e Murer.\",\"datePublished\":\"2022-10-27T11:07:55+00:00\",\"mainEntityOfPage\":{\"@id\":\"https:\/\/arredamont.it\/en\/sabato-inaugura-la-44-arredamont-protagonisti-il-legno-e-murer\/\"},\"wordCount\":522,\"publisher\":{\"@id\":\"https:\/\/arredamont.it\/en\/#organization\"},\"image\":{\"@id\":\"https:\/\/arredamont.it\/en\/sabato-inaugura-la-44-arredamont-protagonisti-il-legno-e-murer\/#primaryimage\"},\"thumbnailUrl\":\"https:\/\/arredamont.it\/wp-content\/uploads\/2022\/10\/Camera-legno-Arredamont.jpg\",\"keywords\":[\"44. Arredamont\",\"Arte in Fiera Dolomiti\",\"artis fertilitas\",\"Augusto Murer\",\"Barry Bona\",\"Beppino Lorenzet\",\"legno\",\"Pass auto elettriche\",\"Passione per il legno\"],\"articleSection\":[\"News\"],\"inLanguage\":\"en-US\"},{\"@type\":\"WebPage\",\"@id\":\"https:\/\/arredamont.it\/en\/sabato-inaugura-la-44-arredamont-protagonisti-il-legno-e-murer\/\",\"url\":\"https:\/\/arredamont.it\/en\/sabato-inaugura-la-44-arredamont-protagonisti-il-legno-e-murer\/\",\"name\":\"Sabato inaugura la 44. Arredamont. Protagonisti il legno e Murer. | Arredamont\",\"isPartOf\":{\"@id\":\"https:\/\/arredamont.it\/en\/#website\"},\"primaryImageOfPage\":{\"@id\":\"https:\/\/arredamont.it\/en\/sabato-inaugura-la-44-arredamont-protagonisti-il-legno-e-murer\/#primaryimage\"},\"image\":{\"@id\":\"https:\/\/arredamont.it\/en\/sabato-inaugura-la-44-arredamont-protagonisti-il-legno-e-murer\/#primaryimage\"},\"thumbnailUrl\":\"https:\/\/arredamont.it\/wp-content\/uploads\/2022\/10\/Camera-legno-Arredamont.jpg\",\"datePublished\":\"2022-10-27T11:07:55+00:00\",\"breadcrumb\":{\"@id\":\"https:\/\/arredamont.it\/en\/sabato-inaugura-la-44-arredamont-protagonisti-il-legno-e-murer\/#breadcrumb\"},\"inLanguage\":\"en-US\",\"potentialAction\":[{\"@type\":\"ReadAction\",\"target\":[\"https:\/\/arredamont.it\/en\/sabato-inaugura-la-44-arredamont-protagonisti-il-legno-e-murer\/\"]}]},{\"@type\":\"ImageObject\",\"inLanguage\":\"en-US\",\"@id\":\"https:\/\/arredamont.it\/en\/sabato-inaugura-la-44-arredamont-protagonisti-il-legno-e-murer\/#primaryimage\",\"url\":\"https:\/\/arredamont.it\/wp-content\/uploads\/2022\/10\/Camera-legno-Arredamont.jpg\",\"contentUrl\":\"https:\/\/arredamont.it\/wp-content\/uploads\/2022\/10\/Camera-legno-Arredamont.jpg\",\"width\":2000,\"height\":1299,\"caption\":\"Camera legno Arredamont\"},{\"@type\":\"BreadcrumbList\",\"@id\":\"https:\/\/arredamont.it\/en\/sabato-inaugura-la-44-arredamont-protagonisti-il-legno-e-murer\/#breadcrumb\",\"itemListElement\":[{\"@type\":\"ListItem\",\"position\":1,\"name\":\"Home\",\"item\":\"https:\/\/arredamont.it\/en\/\"},{\"@type\":\"ListItem\",\"position\":2,\"name\":\"Sabato inaugura la 44. Arredamont. Protagonisti il legno e Murer.\"}]},{\"@type\":\"WebSite\",\"@id\":\"https:\/\/arredamont.it\/en\/#website\",\"url\":\"https:\/\/arredamont.it\/en\/\",\"name\":\"Arredamont\",\"description\":\"Longarone Fiere Dolomiti\",\"publisher\":{\"@id\":\"https:\/\/arredamont.it\/en\/#organization\"},\"potentialAction\":[{\"@type\":\"SearchAction\",\"target\":{\"@type\":\"EntryPoint\",\"urlTemplate\":\"https:\/\/arredamont.it\/en\/?s={search_term_string}\"},\"query-input\":{\"@type\":\"PropertyValueSpecification\",\"valueRequired\":true,\"valueName\":\"search_term_string\"}}],\"inLanguage\":\"en-US\"},{\"@type\":\"Organization\",\"@id\":\"https:\/\/arredamont.it\/en\/#organization\",\"name\":\"Arredamont\",\"url\":\"https:\/\/arredamont.it\/en\/\",\"logo\":{\"@type\":\"ImageObject\",\"inLanguage\":\"en-US\",\"@id\":\"https:\/\/arredamont.it\/en\/#\/schema\/logo\/image\/\",\"url\":\"https:\/\/arredamont.it\/wp-content\/uploads\/2025\/01\/arredamont.svg\",\"contentUrl\":\"https:\/\/arredamont.it\/wp-content\/uploads\/2025\/01\/arredamont.svg\",\"width\":1,\"height\":1,\"caption\":\"Arredamont\"},\"image\":{\"@id\":\"https:\/\/arredamont.it\/en\/#\/schema\/logo\/image\/\"},\"sameAs\":[\"https:\/\/www.facebook.com\/arredamont.longaronefiere\",\"https:\/\/www.instagram.com\/arredamont\/\",\"https:\/\/www.youtube.com\/playlist?list=PLaiTD5dlw7sCUICBsRH-WqiFGucWE7wDb\"]},{\"@type\":\"Person\",\"@id\":\"https:\/\/arredamont.it\/en\/#\/schema\/person\/2ce2f615148903aec7fe53b6cc9b5d54\",\"name\":\"Longarone Fiere\",\"image\":{\"@type\":\"ImageObject\",\"inLanguage\":\"en-US\",\"@id\":\"https:\/\/arredamont.it\/en\/#\/schema\/person\/image\/\",\"url\":\"https:\/\/secure.gravatar.com\/avatar\/960b08cc69204d10cd0c0d63246fedce35e46c9af83da7a1ea14285de9be3251?s=96&d=mm&r=g\",\"contentUrl\":\"https:\/\/secure.gravatar.com\/avatar\/960b08cc69204d10cd0c0d63246fedce35e46c9af83da7a1ea14285de9be3251?s=96&d=mm&r=g\",\"caption\":\"Longarone Fiere\"}}]}<\/script>\n<!-- \/ Yoast SEO plugin. -->","yoast_head_json":{"title":"Sabato inaugura la 44. Arredamont. Protagonisti il legno e Murer. | Arredamont","robots":{"index":"index","follow":"follow","max-snippet":"max-snippet:-1","max-image-preview":"max-image-preview:large","max-video-preview":"max-video-preview:-1"},"canonical":"https:\/\/arredamont.it\/en\/sabato-inaugura-la-44-arredamont-protagonisti-il-legno-e-murer\/","og_locale":"en_US","og_type":"article","og_title":"Sabato inaugura la 44. Arredamont. Protagonisti il legno e Murer. | Arredamont","og_description":"E per chi si fermer\u00e0 a ricaricare l\u2019auto elettrica, una lieta attesa grazie ai pass di ingresso gratuito. Manca poco al taglio del nastro della 44. Arredamont. La mostra nazionale dell\u2019arredare in montagna. Infatti, si terr\u00e0 sabato prossimo alle 11.30 la cerimonia di inaugurazione. Numerose le autorit\u00e0 attese, ma ospite d\u2019onore sar\u00e0 la famiglia Murer [&hellip;]","og_url":"https:\/\/arredamont.it\/en\/sabato-inaugura-la-44-arredamont-protagonisti-il-legno-e-murer\/","og_site_name":"Arredamont","article_publisher":"https:\/\/www.facebook.com\/arredamont.longaronefiere","article_published_time":"2022-10-27T11:07:55+00:00","og_image":[{"width":2000,"height":1299,"url":"https:\/\/arredamont.it\/wp-content\/uploads\/2022\/10\/Camera-legno-Arredamont.jpg","type":"image\/jpeg"}],"author":"Longarone Fiere","twitter_card":"summary_large_image","twitter_misc":{"Written by":"Longarone Fiere","Est. reading time":"3 minutes"},"schema":{"@context":"https:\/\/schema.org","@graph":[{"@type":"Article","@id":"https:\/\/arredamont.it\/en\/sabato-inaugura-la-44-arredamont-protagonisti-il-legno-e-murer\/#article","isPartOf":{"@id":"https:\/\/arredamont.it\/en\/sabato-inaugura-la-44-arredamont-protagonisti-il-legno-e-murer\/"},"author":{"name":"Longarone Fiere","@id":"https:\/\/arredamont.it\/en\/#\/schema\/person\/2ce2f615148903aec7fe53b6cc9b5d54"},"headline":"Sabato inaugura la 44. Arredamont. Protagonisti il legno e Murer.","datePublished":"2022-10-27T11:07:55+00:00","mainEntityOfPage":{"@id":"https:\/\/arredamont.it\/en\/sabato-inaugura-la-44-arredamont-protagonisti-il-legno-e-murer\/"},"wordCount":522,"publisher":{"@id":"https:\/\/arredamont.it\/en\/#organization"},"image":{"@id":"https:\/\/arredamont.it\/en\/sabato-inaugura-la-44-arredamont-protagonisti-il-legno-e-murer\/#primaryimage"},"thumbnailUrl":"https:\/\/arredamont.it\/wp-content\/uploads\/2022\/10\/Camera-legno-Arredamont.jpg","keywords":["44. Arredamont","Arte in Fiera Dolomiti","artis fertilitas","Augusto Murer","Barry Bona","Beppino Lorenzet","legno","Pass auto elettriche","Passione per il legno"],"articleSection":["News"],"inLanguage":"en-US"},{"@type":"WebPage","@id":"https:\/\/arredamont.it\/en\/sabato-inaugura-la-44-arredamont-protagonisti-il-legno-e-murer\/","url":"https:\/\/arredamont.it\/en\/sabato-inaugura-la-44-arredamont-protagonisti-il-legno-e-murer\/","name":"Sabato inaugura la 44. Arredamont. Protagonisti il legno e Murer. | Arredamont","isPartOf":{"@id":"https:\/\/arredamont.it\/en\/#website"},"primaryImageOfPage":{"@id":"https:\/\/arredamont.it\/en\/sabato-inaugura-la-44-arredamont-protagonisti-il-legno-e-murer\/#primaryimage"},"image":{"@id":"https:\/\/arredamont.it\/en\/sabato-inaugura-la-44-arredamont-protagonisti-il-legno-e-murer\/#primaryimage"},"thumbnailUrl":"https:\/\/arredamont.it\/wp-content\/uploads\/2022\/10\/Camera-legno-Arredamont.jpg","datePublished":"2022-10-27T11:07:55+00:00","breadcrumb":{"@id":"https:\/\/arredamont.it\/en\/sabato-inaugura-la-44-arredamont-protagonisti-il-legno-e-murer\/#breadcrumb"},"inLanguage":"en-US","potentialAction":[{"@type":"ReadAction","target":["https:\/\/arredamont.it\/en\/sabato-inaugura-la-44-arredamont-protagonisti-il-legno-e-murer\/"]}]},{"@type":"ImageObject","inLanguage":"en-US","@id":"https:\/\/arredamont.it\/en\/sabato-inaugura-la-44-arredamont-protagonisti-il-legno-e-murer\/#primaryimage","url":"https:\/\/arredamont.it\/wp-content\/uploads\/2022\/10\/Camera-legno-Arredamont.jpg","contentUrl":"https:\/\/arredamont.it\/wp-content\/uploads\/2022\/10\/Camera-legno-Arredamont.jpg","width":2000,"height":1299,"caption":"Camera legno Arredamont"},{"@type":"BreadcrumbList","@id":"https:\/\/arredamont.it\/en\/sabato-inaugura-la-44-arredamont-protagonisti-il-legno-e-murer\/#breadcrumb","itemListElement":[{"@type":"ListItem","position":1,"name":"Home","item":"https:\/\/arredamont.it\/en\/"},{"@type":"ListItem","position":2,"name":"Sabato inaugura la 44. Arredamont. Protagonisti il legno e Murer."}]},{"@type":"WebSite","@id":"https:\/\/arredamont.it\/en\/#website","url":"https:\/\/arredamont.it\/en\/","name":"Arredamont","description":"Longarone Fiere Dolomiti","publisher":{"@id":"https:\/\/arredamont.it\/en\/#organization"},"potentialAction":[{"@type":"SearchAction","target":{"@type":"EntryPoint","urlTemplate":"https:\/\/arredamont.it\/en\/?s={search_term_string}"},"query-input":{"@type":"PropertyValueSpecification","valueRequired":true,"valueName":"search_term_string"}}],"inLanguage":"en-US"},{"@type":"Organization","@id":"https:\/\/arredamont.it\/en\/#organization","name":"Arredamont","url":"https:\/\/arredamont.it\/en\/","logo":{"@type":"ImageObject","inLanguage":"en-US","@id":"https:\/\/arredamont.it\/en\/#\/schema\/logo\/image\/","url":"https:\/\/arredamont.it\/wp-content\/uploads\/2025\/01\/arredamont.svg","contentUrl":"https:\/\/arredamont.it\/wp-content\/uploads\/2025\/01\/arredamont.svg","width":1,"height":1,"caption":"Arredamont"},"image":{"@id":"https:\/\/arredamont.it\/en\/#\/schema\/logo\/image\/"},"sameAs":["https:\/\/www.facebook.com\/arredamont.longaronefiere","https:\/\/www.instagram.com\/arredamont\/","https:\/\/www.youtube.com\/playlist?list=PLaiTD5dlw7sCUICBsRH-WqiFGucWE7wDb"]},{"@type":"Person","@id":"https:\/\/arredamont.it\/en\/#\/schema\/person\/2ce2f615148903aec7fe53b6cc9b5d54","name":"Longarone Fiere","image":{"@type":"ImageObject","inLanguage":"en-US","@id":"https:\/\/arredamont.it\/en\/#\/schema\/person\/image\/","url":"https:\/\/secure.gravatar.com\/avatar\/960b08cc69204d10cd0c0d63246fedce35e46c9af83da7a1ea14285de9be3251?s=96&d=mm&r=g","contentUrl":"https:\/\/secure.gravatar.com\/avatar\/960b08cc69204d10cd0c0d63246fedce35e46c9af83da7a1ea14285de9be3251?s=96&d=mm&r=g","caption":"Longarone Fiere"}}]}},"_links":{"self":[{"href":"https:\/\/arredamont.it\/en\/wp-json\/wp\/v2\/posts\/6871","targetHints":{"allow":["GET"]}}],"collection":[{"href":"https:\/\/arredamont.it\/en\/wp-json\/wp\/v2\/posts"}],"about":[{"href":"https:\/\/arredamont.it\/en\/wp-json\/wp\/v2\/types\/post"}],"author":[{"embeddable":true,"href":"https:\/\/arredamont.it\/en\/wp-json\/wp\/v2\/users\/3"}],"replies":[{"embeddable":true,"href":"https:\/\/arredamont.it\/en\/wp-json\/wp\/v2\/comments?post=6871"}],"version-history":[{"count":0,"href":"https:\/\/arredamont.it\/en\/wp-json\/wp\/v2\/posts\/6871\/revisions"}],"wp:featuredmedia":[{"embeddable":true,"href":"https:\/\/arredamont.it\/en\/wp-json\/wp\/v2\/media\/18934"}],"wp:attachment":[{"href":"https:\/\/arredamont.it\/en\/wp-json\/wp\/v2\/media?parent=6871"}],"wp:term":[{"taxonomy":"category","embeddable":true,"href":"https:\/\/arredamont.it\/en\/wp-json\/wp\/v2\/categories?post=6871"},{"taxonomy":"post_tag","embeddable":true,"href":"https:\/\/arredamont.it\/en\/wp-json\/wp\/v2\/tags?post=6871"}],"curies":[{"name":"wp","href":"https:\/\/api.w.org\/{rel}","templated":true}]}}