{"id":4928,"date":"2019-10-26T15:50:01","date_gmt":"2019-10-26T13:50:01","guid":{"rendered":"https:\/\/www.arredamont.it\/?p=4928"},"modified":"2019-10-26T15:50:01","modified_gmt":"2019-10-26T13:50:01","slug":"oggi-il-via-a-longarone-fiere-alla-42-arredamont-la-mostra-dellarredare-in-montagna","status":"publish","type":"post","link":"https:\/\/arredamont.it\/en\/oggi-il-via-a-longarone-fiere-alla-42-arredamont-la-mostra-dellarredare-in-montagna\/","title":{"rendered":"Oggi il via a Longarone Fiere alla 42\u00b0 Arredamont, la Mostra dell\u2019arredare in montagna"},"content":{"rendered":"<h2><strong>Quasi 200 espositori per un\u2019edizione dal sapore particolare nell\u2019anniversario dell\u2019uragano Vaia<\/strong><\/h2>\n<p>Il parlamentare europeo <strong>Gianantonio Da Re<\/strong>, il presidente della Provincia e sindaco di Longarone <strong>Roberto Padrin<\/strong> e il presidente di Longarone Fiere <strong>Gian Angelo Bellati<\/strong> hanno inaugurato stamane, con il consueto taglio del nastro, la quarantaduesima edizione di Arredamont, la Mostra dell\u2019arredare in montagna, aperta fino a domenica 3 novembre, con 166 espositori per circa 200 marchi, provenienti da 11 regioni e 4 Paesi esteri, distribuiti su una superficie di 17mila metri quadrati.<\/p>\n<p>Un appuntamento, quest\u2019anno, particolarmente sentito perch\u00e9 ritorna nel primo anniversario di Vaia, l\u2019uragano che il 29 ottobre del 2018 funest\u00f2 le montagne del Veneto, del Trentino Alto Adige e del Friuli Venezia Giulia, provocando danni allo stesso quartiere fieristico longaronese, una giornata di chiusura e un\u2019inevitabile flessione di pubblico. Dalle autorit\u00e0 presenti, proprio per questo motivo, \u00e8 giunto unanime il ringraziamento agli espositori che hanno voluto esserci anche in questa edizione.<\/p>\n<p>\u201cArredamont \u00e8 un fiore all\u2019occhiello di questo territorio, della provincia bellunese e della regione Veneto. Qui ci sono il valore aggiunto del fare squadra, inventiva e creativit\u00e0, opportunit\u00e0 di lavoro e risultati straordinari che fanno girare l\u2019economia\u201d, ha detto l\u2019eurodeputato <strong>Gianantonio Da Re<\/strong> che poi ha sottolineato: \u201cMi assumo l\u2019impegno di verificare quali bandi ci sono in Europa da cui poter attingere risorse per sviluppare ulteriormente fiere di questo tipo. Possibilit\u00e0 ce ne sono, talvolta spetta a noi stessi essere pi\u00f9 attenti e pronti a coglierle\u201d.<\/p>\n<p><strong>Roberto Padrin<\/strong> ha ricordato i fatti dello scorso anno. \u201cArredamont non \u00e8 solo tra le fiere pi\u00f9 importanti dell\u2019intero programma di Longarone Fiere, ma \u00e8 anche unica nel panorama nazionale, con una storia lunghissima e un riscontro di visitatori sempre molto significativo. Quest\u2019anno ha ovviamente un sapore particolare, dopo Vaia che un anno fa ci ha flagellato, con ripercussioni anche per la stessa fiera che tutti insieme siamo riusciti a fronteggiare\u201d. Quindi il presidente Padrin ha dato un annuncio importante: \u201cVoglio ringraziare personalmente il presidente, il Consiglio di amministrazione e i dipendenti di Longarone Fiere perch\u00e9 nei giorni scorsi abbiamo approvato un altro bilancio consuntivo positivo, frutto del lavoro capace e appassionato di tutti, di cui siamo davvero orgogliosi\u201d.<\/p>\n<p>Il presidente di Longarone Fiere<strong> Gian Angelo<\/strong> <strong>Bellati<\/strong> ha sottolineato che \u201cArredamont offre una proposta di grande qualit\u00e0 per l\u2019arredare in montagna, case private e strutture ricettive. Un grazie va rivolto agli espositori e alle associazioni di categoria nostre socie, che ci permettono di lavorare nel migliore dei modi. Non dimentichiamoci che la nostra fiera \u00e8 tra le poche in Italia che sono in grado di autosostentarsi, senza percepire contribuiti pubblici a fondo perduto\u201d.<\/p>\n<p>Durante la cerimonia inaugurale, a cui \u00e8 seguito il tradizionale giro d\u2019onore con visita ai numerosi stand, \u00e8 giunto il saluto del presidente di Confcommercio Belluno <strong>Paolo Doglioni<\/strong> e di APPIA CNA Belluno <strong>Massimo Sposato<\/strong>. \u201cQuarantadue anni fa, quando \u00e8 iniziata questa avventura, io c\u2019ero \u2013 ha dichiarato Doglioni \u2013 Arredamont \u00e8 un\u2019eccellenza affermata, ma tutti insieme dobbiamo fare ancora di pi\u00f9 affinch\u00e9 cresca ulteriormente, perch\u00e9 da qui nasce un grande indotto che si spalma su tutto il territorio provinciale\u201d. \u201cQuesta \u00e8 una fiera dinamica \u2013 ha aggiunto Sposato \u2013 contraddistinta da innovazioni tecnologie che vanno a innestarsi in una tradizione consolidata. Un importante biglietto da visita per il nostro territorio per cui noi saremo sempre a disposizione\u201d.<\/p>\n<p>Un particolare ringraziamento \u00e8 stato espresso a <strong>Franco Fonzo<\/strong>, direttore artistico di Arte In Fiera Dolomiti, che anche in questa circostanza offre sculture, opere paesaggistiche e un connubio tra arte e artigianalit\u00e0 tutto da vedere, e a <strong>C.I.T.A.<\/strong>, la Consociazione Italiana dei Tappezzieri e Arredatori, che gestisce in fiera uno stand altrettanto significativo.<\/p>\n<p>Arredamont \u00e8 aperta domani dalle 10 alle 19, poi da luned\u00ec a gioved\u00ec dalle 14 alle 19, da venerd\u00ec a domenica della prossima settimana ancora dalle 10 alle 19. Biglietto intero 10 euro, ridotto 6. Da luned\u00ec 28 a gioved\u00ec 31 ottobre, biglietto intero 8 euro, gratuito per gli over 65 anni.<\/p>\n","protected":false},"excerpt":{"rendered":"<p>Quasi 200 espositori per un\u2019edizione dal sapore particolare nell\u2019anniversario dell\u2019uragano Vaia Il parlamentare europeo Gianantonio Da Re, il presidente della Provincia e sindaco di Longarone Roberto Padrin e il presidente di Longarone Fiere Gian Angelo Bellati hanno inaugurato stamane, con il consueto taglio del nastro, la quarantaduesima edizione di Arredamont, la Mostra dell\u2019arredare in montagna, [&hellip;]<\/p>\n","protected":false},"author":3,"featured_media":18818,"comment_status":"closed","ping_status":"open","sticky":false,"template":"","format":"standard","meta":{"_acf_changed":false,"footnotes":""},"categories":[2219],"tags":[2356,2358],"class_list":["post-4928","post","type-post","status-publish","format-standard","has-post-thumbnail","hentry","category-news","tag-arredare-con-stile","tag-arredare-in-montagna"],"acf":[],"yoast_head":"<!-- This site is optimized with the Yoast SEO plugin v26.2 - https:\/\/yoast.com\/wordpress\/plugins\/seo\/ -->\n<title>Oggi il via a Longarone Fiere alla 42\u00b0 Arredamont, la Mostra dell\u2019arredare in montagna | Arredamont<\/title>\n<meta name=\"robots\" content=\"index, follow, max-snippet:-1, max-image-preview:large, max-video-preview:-1\" \/>\n<link rel=\"canonical\" href=\"https:\/\/arredamont.it\/en\/oggi-il-via-a-longarone-fiere-alla-42-arredamont-la-mostra-dellarredare-in-montagna\/\" \/>\n<meta property=\"og:locale\" content=\"en_US\" \/>\n<meta property=\"og:type\" content=\"article\" \/>\n<meta property=\"og:title\" content=\"Oggi il via a Longarone Fiere alla 42\u00b0 Arredamont, la Mostra dell\u2019arredare in montagna | Arredamont\" \/>\n<meta property=\"og:description\" content=\"Quasi 200 espositori per un\u2019edizione dal sapore particolare nell\u2019anniversario dell\u2019uragano Vaia Il parlamentare europeo Gianantonio Da Re, il presidente della Provincia e sindaco di Longarone Roberto Padrin e il presidente di Longarone Fiere Gian Angelo Bellati hanno inaugurato stamane, con il consueto taglio del nastro, la quarantaduesima edizione di Arredamont, la Mostra dell\u2019arredare in montagna, [&hellip;]\" \/>\n<meta property=\"og:url\" content=\"https:\/\/arredamont.it\/en\/oggi-il-via-a-longarone-fiere-alla-42-arredamont-la-mostra-dellarredare-in-montagna\/\" \/>\n<meta property=\"og:site_name\" content=\"Arredamont\" \/>\n<meta property=\"article:publisher\" content=\"https:\/\/www.facebook.com\/arredamont.longaronefiere\" \/>\n<meta property=\"article:published_time\" content=\"2019-10-26T13:50:01+00:00\" \/>\n<meta property=\"og:image\" content=\"https:\/\/arredamont.it\/wp-content\/uploads\/2019\/10\/Taglio-del-nastro-42a-Arredamont-1.jpg\" \/>\n\t<meta property=\"og:image:width\" content=\"2000\" \/>\n\t<meta property=\"og:image:height\" content=\"1333\" \/>\n\t<meta property=\"og:image:type\" content=\"image\/jpeg\" \/>\n<meta name=\"author\" content=\"Longarone Fiere\" \/>\n<meta name=\"twitter:card\" content=\"summary_large_image\" \/>\n<meta name=\"twitter:label1\" content=\"Written by\" \/>\n\t<meta name=\"twitter:data1\" content=\"Longarone Fiere\" \/>\n\t<meta name=\"twitter:label2\" content=\"Est. reading time\" \/>\n\t<meta name=\"twitter:data2\" content=\"3 minutes\" \/>\n<script type=\"application\/ld+json\" class=\"yoast-schema-graph\">{\"@context\":\"https:\/\/schema.org\",\"@graph\":[{\"@type\":\"Article\",\"@id\":\"https:\/\/arredamont.it\/en\/oggi-il-via-a-longarone-fiere-alla-42-arredamont-la-mostra-dellarredare-in-montagna\/#article\",\"isPartOf\":{\"@id\":\"https:\/\/arredamont.it\/en\/oggi-il-via-a-longarone-fiere-alla-42-arredamont-la-mostra-dellarredare-in-montagna\/\"},\"author\":{\"name\":\"Longarone Fiere\",\"@id\":\"https:\/\/arredamont.it\/en\/#\/schema\/person\/2ce2f615148903aec7fe53b6cc9b5d54\"},\"headline\":\"Oggi il via a Longarone Fiere alla 42\u00b0 Arredamont, la Mostra dell\u2019arredare in montagna\",\"datePublished\":\"2019-10-26T13:50:01+00:00\",\"mainEntityOfPage\":{\"@id\":\"https:\/\/arredamont.it\/en\/oggi-il-via-a-longarone-fiere-alla-42-arredamont-la-mostra-dellarredare-in-montagna\/\"},\"wordCount\":655,\"publisher\":{\"@id\":\"https:\/\/arredamont.it\/en\/#organization\"},\"image\":{\"@id\":\"https:\/\/arredamont.it\/en\/oggi-il-via-a-longarone-fiere-alla-42-arredamont-la-mostra-dellarredare-in-montagna\/#primaryimage\"},\"thumbnailUrl\":\"https:\/\/arredamont.it\/wp-content\/uploads\/2019\/10\/Taglio-del-nastro-42a-Arredamont-1.jpg\",\"keywords\":[\"Arredare con stile\",\"Arredare in montagna\"],\"articleSection\":[\"News\"],\"inLanguage\":\"en-US\"},{\"@type\":\"WebPage\",\"@id\":\"https:\/\/arredamont.it\/en\/oggi-il-via-a-longarone-fiere-alla-42-arredamont-la-mostra-dellarredare-in-montagna\/\",\"url\":\"https:\/\/arredamont.it\/en\/oggi-il-via-a-longarone-fiere-alla-42-arredamont-la-mostra-dellarredare-in-montagna\/\",\"name\":\"Oggi il via a Longarone Fiere alla 42\u00b0 Arredamont, la Mostra dell\u2019arredare in montagna | Arredamont\",\"isPartOf\":{\"@id\":\"https:\/\/arredamont.it\/en\/#website\"},\"primaryImageOfPage\":{\"@id\":\"https:\/\/arredamont.it\/en\/oggi-il-via-a-longarone-fiere-alla-42-arredamont-la-mostra-dellarredare-in-montagna\/#primaryimage\"},\"image\":{\"@id\":\"https:\/\/arredamont.it\/en\/oggi-il-via-a-longarone-fiere-alla-42-arredamont-la-mostra-dellarredare-in-montagna\/#primaryimage\"},\"thumbnailUrl\":\"https:\/\/arredamont.it\/wp-content\/uploads\/2019\/10\/Taglio-del-nastro-42a-Arredamont-1.jpg\",\"datePublished\":\"2019-10-26T13:50:01+00:00\",\"breadcrumb\":{\"@id\":\"https:\/\/arredamont.it\/en\/oggi-il-via-a-longarone-fiere-alla-42-arredamont-la-mostra-dellarredare-in-montagna\/#breadcrumb\"},\"inLanguage\":\"en-US\",\"potentialAction\":[{\"@type\":\"ReadAction\",\"target\":[\"https:\/\/arredamont.it\/en\/oggi-il-via-a-longarone-fiere-alla-42-arredamont-la-mostra-dellarredare-in-montagna\/\"]}]},{\"@type\":\"ImageObject\",\"inLanguage\":\"en-US\",\"@id\":\"https:\/\/arredamont.it\/en\/oggi-il-via-a-longarone-fiere-alla-42-arredamont-la-mostra-dellarredare-in-montagna\/#primaryimage\",\"url\":\"https:\/\/arredamont.it\/wp-content\/uploads\/2019\/10\/Taglio-del-nastro-42a-Arredamont-1.jpg\",\"contentUrl\":\"https:\/\/arredamont.it\/wp-content\/uploads\/2019\/10\/Taglio-del-nastro-42a-Arredamont-1.jpg\",\"width\":2000,\"height\":1333,\"caption\":\"Taglio del nastro 42a Arredamont\"},{\"@type\":\"BreadcrumbList\",\"@id\":\"https:\/\/arredamont.it\/en\/oggi-il-via-a-longarone-fiere-alla-42-arredamont-la-mostra-dellarredare-in-montagna\/#breadcrumb\",\"itemListElement\":[{\"@type\":\"ListItem\",\"position\":1,\"name\":\"Home\",\"item\":\"https:\/\/arredamont.it\/en\/\"},{\"@type\":\"ListItem\",\"position\":2,\"name\":\"Oggi il via a Longarone Fiere alla 42\u00b0 Arredamont, la Mostra dell\u2019arredare in montagna\"}]},{\"@type\":\"WebSite\",\"@id\":\"https:\/\/arredamont.it\/en\/#website\",\"url\":\"https:\/\/arredamont.it\/en\/\",\"name\":\"Arredamont\",\"description\":\"Longarone Fiere Dolomiti\",\"publisher\":{\"@id\":\"https:\/\/arredamont.it\/en\/#organization\"},\"potentialAction\":[{\"@type\":\"SearchAction\",\"target\":{\"@type\":\"EntryPoint\",\"urlTemplate\":\"https:\/\/arredamont.it\/en\/?s={search_term_string}\"},\"query-input\":{\"@type\":\"PropertyValueSpecification\",\"valueRequired\":true,\"valueName\":\"search_term_string\"}}],\"inLanguage\":\"en-US\"},{\"@type\":\"Organization\",\"@id\":\"https:\/\/arredamont.it\/en\/#organization\",\"name\":\"Arredamont\",\"url\":\"https:\/\/arredamont.it\/en\/\",\"logo\":{\"@type\":\"ImageObject\",\"inLanguage\":\"en-US\",\"@id\":\"https:\/\/arredamont.it\/en\/#\/schema\/logo\/image\/\",\"url\":\"https:\/\/arredamont.it\/wp-content\/uploads\/2025\/01\/arredamont.svg\",\"contentUrl\":\"https:\/\/arredamont.it\/wp-content\/uploads\/2025\/01\/arredamont.svg\",\"width\":1,\"height\":1,\"caption\":\"Arredamont\"},\"image\":{\"@id\":\"https:\/\/arredamont.it\/en\/#\/schema\/logo\/image\/\"},\"sameAs\":[\"https:\/\/www.facebook.com\/arredamont.longaronefiere\",\"https:\/\/www.instagram.com\/arredamont\/\",\"https:\/\/www.youtube.com\/playlist?list=PLaiTD5dlw7sCUICBsRH-WqiFGucWE7wDb\"]},{\"@type\":\"Person\",\"@id\":\"https:\/\/arredamont.it\/en\/#\/schema\/person\/2ce2f615148903aec7fe53b6cc9b5d54\",\"name\":\"Longarone Fiere\",\"image\":{\"@type\":\"ImageObject\",\"inLanguage\":\"en-US\",\"@id\":\"https:\/\/arredamont.it\/en\/#\/schema\/person\/image\/\",\"url\":\"https:\/\/secure.gravatar.com\/avatar\/960b08cc69204d10cd0c0d63246fedce35e46c9af83da7a1ea14285de9be3251?s=96&d=mm&r=g\",\"contentUrl\":\"https:\/\/secure.gravatar.com\/avatar\/960b08cc69204d10cd0c0d63246fedce35e46c9af83da7a1ea14285de9be3251?s=96&d=mm&r=g\",\"caption\":\"Longarone Fiere\"}}]}<\/script>\n<!-- \/ Yoast SEO plugin. -->","yoast_head_json":{"title":"Oggi il via a Longarone Fiere alla 42\u00b0 Arredamont, la Mostra dell\u2019arredare in montagna | Arredamont","robots":{"index":"index","follow":"follow","max-snippet":"max-snippet:-1","max-image-preview":"max-image-preview:large","max-video-preview":"max-video-preview:-1"},"canonical":"https:\/\/arredamont.it\/en\/oggi-il-via-a-longarone-fiere-alla-42-arredamont-la-mostra-dellarredare-in-montagna\/","og_locale":"en_US","og_type":"article","og_title":"Oggi il via a Longarone Fiere alla 42\u00b0 Arredamont, la Mostra dell\u2019arredare in montagna | Arredamont","og_description":"Quasi 200 espositori per un\u2019edizione dal sapore particolare nell\u2019anniversario dell\u2019uragano Vaia Il parlamentare europeo Gianantonio Da Re, il presidente della Provincia e sindaco di Longarone Roberto Padrin e il presidente di Longarone Fiere Gian Angelo Bellati hanno inaugurato stamane, con il consueto taglio del nastro, la quarantaduesima edizione di Arredamont, la Mostra dell\u2019arredare in montagna, [&hellip;]","og_url":"https:\/\/arredamont.it\/en\/oggi-il-via-a-longarone-fiere-alla-42-arredamont-la-mostra-dellarredare-in-montagna\/","og_site_name":"Arredamont","article_publisher":"https:\/\/www.facebook.com\/arredamont.longaronefiere","article_published_time":"2019-10-26T13:50:01+00:00","og_image":[{"width":2000,"height":1333,"url":"https:\/\/arredamont.it\/wp-content\/uploads\/2019\/10\/Taglio-del-nastro-42a-Arredamont-1.jpg","type":"image\/jpeg"}],"author":"Longarone Fiere","twitter_card":"summary_large_image","twitter_misc":{"Written by":"Longarone Fiere","Est. reading time":"3 minutes"},"schema":{"@context":"https:\/\/schema.org","@graph":[{"@type":"Article","@id":"https:\/\/arredamont.it\/en\/oggi-il-via-a-longarone-fiere-alla-42-arredamont-la-mostra-dellarredare-in-montagna\/#article","isPartOf":{"@id":"https:\/\/arredamont.it\/en\/oggi-il-via-a-longarone-fiere-alla-42-arredamont-la-mostra-dellarredare-in-montagna\/"},"author":{"name":"Longarone Fiere","@id":"https:\/\/arredamont.it\/en\/#\/schema\/person\/2ce2f615148903aec7fe53b6cc9b5d54"},"headline":"Oggi il via a Longarone Fiere alla 42\u00b0 Arredamont, la Mostra dell\u2019arredare in montagna","datePublished":"2019-10-26T13:50:01+00:00","mainEntityOfPage":{"@id":"https:\/\/arredamont.it\/en\/oggi-il-via-a-longarone-fiere-alla-42-arredamont-la-mostra-dellarredare-in-montagna\/"},"wordCount":655,"publisher":{"@id":"https:\/\/arredamont.it\/en\/#organization"},"image":{"@id":"https:\/\/arredamont.it\/en\/oggi-il-via-a-longarone-fiere-alla-42-arredamont-la-mostra-dellarredare-in-montagna\/#primaryimage"},"thumbnailUrl":"https:\/\/arredamont.it\/wp-content\/uploads\/2019\/10\/Taglio-del-nastro-42a-Arredamont-1.jpg","keywords":["Arredare con stile","Arredare in montagna"],"articleSection":["News"],"inLanguage":"en-US"},{"@type":"WebPage","@id":"https:\/\/arredamont.it\/en\/oggi-il-via-a-longarone-fiere-alla-42-arredamont-la-mostra-dellarredare-in-montagna\/","url":"https:\/\/arredamont.it\/en\/oggi-il-via-a-longarone-fiere-alla-42-arredamont-la-mostra-dellarredare-in-montagna\/","name":"Oggi il via a Longarone Fiere alla 42\u00b0 Arredamont, la Mostra dell\u2019arredare in montagna | Arredamont","isPartOf":{"@id":"https:\/\/arredamont.it\/en\/#website"},"primaryImageOfPage":{"@id":"https:\/\/arredamont.it\/en\/oggi-il-via-a-longarone-fiere-alla-42-arredamont-la-mostra-dellarredare-in-montagna\/#primaryimage"},"image":{"@id":"https:\/\/arredamont.it\/en\/oggi-il-via-a-longarone-fiere-alla-42-arredamont-la-mostra-dellarredare-in-montagna\/#primaryimage"},"thumbnailUrl":"https:\/\/arredamont.it\/wp-content\/uploads\/2019\/10\/Taglio-del-nastro-42a-Arredamont-1.jpg","datePublished":"2019-10-26T13:50:01+00:00","breadcrumb":{"@id":"https:\/\/arredamont.it\/en\/oggi-il-via-a-longarone-fiere-alla-42-arredamont-la-mostra-dellarredare-in-montagna\/#breadcrumb"},"inLanguage":"en-US","potentialAction":[{"@type":"ReadAction","target":["https:\/\/arredamont.it\/en\/oggi-il-via-a-longarone-fiere-alla-42-arredamont-la-mostra-dellarredare-in-montagna\/"]}]},{"@type":"ImageObject","inLanguage":"en-US","@id":"https:\/\/arredamont.it\/en\/oggi-il-via-a-longarone-fiere-alla-42-arredamont-la-mostra-dellarredare-in-montagna\/#primaryimage","url":"https:\/\/arredamont.it\/wp-content\/uploads\/2019\/10\/Taglio-del-nastro-42a-Arredamont-1.jpg","contentUrl":"https:\/\/arredamont.it\/wp-content\/uploads\/2019\/10\/Taglio-del-nastro-42a-Arredamont-1.jpg","width":2000,"height":1333,"caption":"Taglio del nastro 42a Arredamont"},{"@type":"BreadcrumbList","@id":"https:\/\/arredamont.it\/en\/oggi-il-via-a-longarone-fiere-alla-42-arredamont-la-mostra-dellarredare-in-montagna\/#breadcrumb","itemListElement":[{"@type":"ListItem","position":1,"name":"Home","item":"https:\/\/arredamont.it\/en\/"},{"@type":"ListItem","position":2,"name":"Oggi il via a Longarone Fiere alla 42\u00b0 Arredamont, la Mostra dell\u2019arredare in montagna"}]},{"@type":"WebSite","@id":"https:\/\/arredamont.it\/en\/#website","url":"https:\/\/arredamont.it\/en\/","name":"Arredamont","description":"Longarone Fiere Dolomiti","publisher":{"@id":"https:\/\/arredamont.it\/en\/#organization"},"potentialAction":[{"@type":"SearchAction","target":{"@type":"EntryPoint","urlTemplate":"https:\/\/arredamont.it\/en\/?s={search_term_string}"},"query-input":{"@type":"PropertyValueSpecification","valueRequired":true,"valueName":"search_term_string"}}],"inLanguage":"en-US"},{"@type":"Organization","@id":"https:\/\/arredamont.it\/en\/#organization","name":"Arredamont","url":"https:\/\/arredamont.it\/en\/","logo":{"@type":"ImageObject","inLanguage":"en-US","@id":"https:\/\/arredamont.it\/en\/#\/schema\/logo\/image\/","url":"https:\/\/arredamont.it\/wp-content\/uploads\/2025\/01\/arredamont.svg","contentUrl":"https:\/\/arredamont.it\/wp-content\/uploads\/2025\/01\/arredamont.svg","width":1,"height":1,"caption":"Arredamont"},"image":{"@id":"https:\/\/arredamont.it\/en\/#\/schema\/logo\/image\/"},"sameAs":["https:\/\/www.facebook.com\/arredamont.longaronefiere","https:\/\/www.instagram.com\/arredamont\/","https:\/\/www.youtube.com\/playlist?list=PLaiTD5dlw7sCUICBsRH-WqiFGucWE7wDb"]},{"@type":"Person","@id":"https:\/\/arredamont.it\/en\/#\/schema\/person\/2ce2f615148903aec7fe53b6cc9b5d54","name":"Longarone Fiere","image":{"@type":"ImageObject","inLanguage":"en-US","@id":"https:\/\/arredamont.it\/en\/#\/schema\/person\/image\/","url":"https:\/\/secure.gravatar.com\/avatar\/960b08cc69204d10cd0c0d63246fedce35e46c9af83da7a1ea14285de9be3251?s=96&d=mm&r=g","contentUrl":"https:\/\/secure.gravatar.com\/avatar\/960b08cc69204d10cd0c0d63246fedce35e46c9af83da7a1ea14285de9be3251?s=96&d=mm&r=g","caption":"Longarone Fiere"}}]}},"_links":{"self":[{"href":"https:\/\/arredamont.it\/en\/wp-json\/wp\/v2\/posts\/4928","targetHints":{"allow":["GET"]}}],"collection":[{"href":"https:\/\/arredamont.it\/en\/wp-json\/wp\/v2\/posts"}],"about":[{"href":"https:\/\/arredamont.it\/en\/wp-json\/wp\/v2\/types\/post"}],"author":[{"embeddable":true,"href":"https:\/\/arredamont.it\/en\/wp-json\/wp\/v2\/users\/3"}],"replies":[{"embeddable":true,"href":"https:\/\/arredamont.it\/en\/wp-json\/wp\/v2\/comments?post=4928"}],"version-history":[{"count":0,"href":"https:\/\/arredamont.it\/en\/wp-json\/wp\/v2\/posts\/4928\/revisions"}],"wp:featuredmedia":[{"embeddable":true,"href":"https:\/\/arredamont.it\/en\/wp-json\/wp\/v2\/media\/18818"}],"wp:attachment":[{"href":"https:\/\/arredamont.it\/en\/wp-json\/wp\/v2\/media?parent=4928"}],"wp:term":[{"taxonomy":"category","embeddable":true,"href":"https:\/\/arredamont.it\/en\/wp-json\/wp\/v2\/categories?post=4928"},{"taxonomy":"post_tag","embeddable":true,"href":"https:\/\/arredamont.it\/en\/wp-json\/wp\/v2\/tags?post=4928"}],"curies":[{"name":"wp","href":"https:\/\/api.w.org\/{rel}","templated":true}]}}