{"id":3690,"date":"2018-11-02T18:12:29","date_gmt":"2018-11-02T17:12:29","guid":{"rendered":"https:\/\/www.arredamont.it\/?p=3690"},"modified":"2018-11-02T18:12:29","modified_gmt":"2018-11-02T17:12:29","slug":"arriva-il-week-end-finale-di-arredamont","status":"publish","type":"post","link":"https:\/\/arredamont.it\/en\/arriva-il-week-end-finale-di-arredamont\/","title":{"rendered":"Arriva il week-end finale di Arredamont"},"content":{"rendered":"<h3><strong><em>Una grandissima esposizione e importanti momenti di approfondimento grazie alla passione e al sacrificio dei nostri espositori artigiani e dello staff!<\/em><\/strong><\/h3>\n<h3><strong><em>E nessun problema a raggiungere la Fiera con la viabilit\u00e0 principale della Provincia ripristinata gi\u00e0 da alcuni giorni, merito del lavoro impagabile degli Addetti e dei Volontari.<\/em><\/strong><\/h3>\n<p>Arrivano gli <strong>ultimi due giorni<\/strong> della 41a edizione di <strong>Arredamont<\/strong>, <em>la mostra dell\u2019arredare in montagna<\/em>, che ha vissuto momenti difficili in questi giorni, come il resto del Bellunese. Ci\u00f2 nonostante, grazie al grande impegno e alla grandissima volont\u00e0 di tutto lo staff e degli espositori, ha riaperto arrivando con la giornata di ieri, gioved\u00ec 1\u00b0 novembre, a pieno regime con tutti gli stand aperti e oltre duemila visitatori, provenienti soprattutto da fuori provincia; grazie anche alla viabilit\u00e0 principale che \u00e8 stata ripristinata gi\u00e0 da un paio di giorni, <strong>potendo raggiungere quindi la Fiera senza problemi<\/strong>. Un plauso straordinario per questo va rivolto sicuramente agli Addetti e Volontari che hanno lavorato senza sosta e alle Istituzioni e agli Amministratori a tutti i livelli che non si sono risparmiati nel coordinare e supportare gli interventi.<\/p>\n<p>In questo senso anche le testimonianze degli espositori, come <strong>Vania<\/strong> della <strong>Falegnameria Hermann<\/strong> che ammette di trovarsi a \u201c<em>vivere una situazione surreale: non posso tornare a casa, sono qui da sola e mio marito, vera anima dell\u2019azienda, \u00e8 rimasto a Taibon Agordino \u2013 una delle zone pi\u00f9 colpite dal maltempo e con ancora grossi problemi di viabilit\u00e0 \u2013 ad aiutare i molti amici e parenti a cui il vento ha scoperchiato le case. Ma non mi lamento. Qui in fiera ho trovato la solidariet\u00e0 e l\u2019aiuto concreto da parte degli altri espositori. Si \u00e8 creato un vero e proprio clima familiare<\/em>\u201d. Mentre <strong>Stefano<\/strong> della falegnameria <strong>Il Vecchio e il Nuovo<\/strong> di Comelico Superiore, altra zona con notevoli difficolt\u00e0 di viabilit\u00e0 in questo momento, sottolinea come abbia visto \u201c<em>meno visitatori in questi giorni, ma per noi, specializzati in arredamento su misura, un pubblico selezionato, fatto di persone veramente interessate e provenienti anche da lontano: da Vicenza, Abano Terme e perfino dalla Val d\u2019Aosta, solo per citarne alcuni tra i visitatori di ieri<\/em>\u201d.<\/p>\n<p>Questo infatti \u00e8 l\u2019arredamento delle <strong>Dolomiti<\/strong>, che presenta tante differenti sfaccettature e che in Arredamont trova la sua pi\u00f9 adeguata collocazione espositiva: oltre ai mobili, anche l\u2019oggettistica e i complementi d\u2019arredo e i tessuti, hanno sempre incontrato in questa fiera il forte interesse del pubblico. Inoltre si possono trovare numerose e incredibili le soluzioni innovative per utilizzare al meglio gli spazi (che nelle case di montagna sono spesso ridotti al minimo), componenti strutturali come gli infissi e i serramenti, e tanti complementi d\u2019arredo. Una proposta a 360 gradi quindi, che non pochi tra i visitatori cercano anche di trasferire dalle case di montagna a quelle di pianura per assicurarsi tutto l\u2019anno un irripetibile calore dell\u2019ambiente di casa.<\/p>\n<p>Interessanti e molto qualificati anche gli appuntamenti che si terranno in Fiera durante le giornate conclusive di Arredamont 2018 (orario 10 &#8211; 19). A cominciare da domani con i racconti presso lo stand (pad. A2) della <strong>C.I.T.A.<\/strong> \u2013 <em>Consociazione Italiana Tappezzieri Arredatori<\/em>, che vedranno susseguirsi tra i professionisti pi\u00f9 qualificati d\u2019Italia quali <strong>Lino Gava<\/strong> di Conegliano che ci spiegher\u00e0 come selezionare i materiali migliori per le riqualificazioni, anche in termini di risparmio energetico, tra le mille offerte del mercato. Altro splendido intervento grazie a <strong>Simonetta Giacomini<\/strong>, restauratrice tessile di Pordenone, qualificata anche per gli interventi sotto tutela delle Belle Arti.<\/p>\n<p>Mentre dalle 10.30 nella Sala Congressi, il Centro Consorzi terr\u00e0 il <em>seminario di tecnica, cultura e storia<\/em> dal titolo \u201c<strong>Seguendo gli anelli del legno e della storia<\/strong>\u201d durante il quale si susseguiranno diversi momenti, inclusi la proiezione di un video che ha colto i passaggi salienti della realizzazione di un pannello ligneo sul tema della Grande Guerra, la consegna dei diplomi agli studenti qualificati nell\u2019anno scolastico 2017-2018 fino alla presentazione del libro \u201c<strong>Pikadi par an fi\u00e0<\/strong>\u201d \u2013 <em>Appesi per un fiato<\/em> \u2013 dello scrittore <strong>Edoardo Comiotto<\/strong>, ispirato proprio dal tema sviluppato dagli studenti incisori: gli eventi di guerra, dell\u2019odio e dell\u2019amore, della vita e della morte di tanti giovani soldati schierati su fronti opposti e delle vicende della popolazione civile coinvolta in questo tragico periodo storico della Prima Guerra Mondiale.<\/p>\n<p>Non mancheranno infine i laboratori di <strong>Dolomiti HandMade<\/strong> (pad. C) che hanno accompagnato con ospiti e insegnanti d\u2019eccezione l\u2019intera manifestazione riscuotendo una notevole partecipazione: domani alle ore 10.30, con riproposizione alle ore 16.00, il <strong>corso gratuito di cucito creativo<\/strong> con la realizzazione di un <strong>gatto salva-muri da maniglia<\/strong>.<\/p>\n","protected":false},"excerpt":{"rendered":"<p>Una grandissima esposizione e importanti momenti di approfondimento grazie alla passione e al sacrificio dei nostri espositori artigiani e dello staff! E nessun problema a raggiungere la Fiera con la viabilit\u00e0 principale della Provincia ripristinata gi\u00e0 da alcuni giorni, merito del lavoro impagabile degli Addetti e dei Volontari. Arrivano gli ultimi due giorni della 41a [&hellip;]<\/p>\n","protected":false},"author":3,"featured_media":18734,"comment_status":"closed","ping_status":"open","sticky":false,"template":"","format":"standard","meta":{"_acf_changed":false,"footnotes":""},"categories":[2219],"tags":[2333,2338,2339,2340,1432,2341,2342],"class_list":["post-3690","post","type-post","status-publish","format-standard","has-post-thumbnail","hentry","category-news","tag-arredamont-2018","tag-c-i-t-a","tag-edoardo-comiotto","tag-lino-gava","tag-longarone-fiere","tag-simonetta-giacomini","tag-tappezzieri"],"acf":[],"yoast_head":"<!-- This site is optimized with the Yoast SEO plugin v26.2 - https:\/\/yoast.com\/wordpress\/plugins\/seo\/ -->\n<title>Arriva il week-end finale di Arredamont | Arredamont<\/title>\n<meta name=\"robots\" content=\"index, follow, max-snippet:-1, max-image-preview:large, max-video-preview:-1\" \/>\n<link rel=\"canonical\" href=\"https:\/\/arredamont.it\/en\/arriva-il-week-end-finale-di-arredamont\/\" \/>\n<meta property=\"og:locale\" content=\"en_US\" \/>\n<meta property=\"og:type\" content=\"article\" \/>\n<meta property=\"og:title\" content=\"Arriva il week-end finale di Arredamont | Arredamont\" \/>\n<meta property=\"og:description\" content=\"Una grandissima esposizione e importanti momenti di approfondimento grazie alla passione e al sacrificio dei nostri espositori artigiani e dello staff! E nessun problema a raggiungere la Fiera con la viabilit\u00e0 principale della Provincia ripristinata gi\u00e0 da alcuni giorni, merito del lavoro impagabile degli Addetti e dei Volontari. Arrivano gli ultimi due giorni della 41a [&hellip;]\" \/>\n<meta property=\"og:url\" content=\"https:\/\/arredamont.it\/en\/arriva-il-week-end-finale-di-arredamont\/\" \/>\n<meta property=\"og:site_name\" content=\"Arredamont\" \/>\n<meta property=\"article:publisher\" content=\"https:\/\/www.facebook.com\/arredamont.longaronefiere\" \/>\n<meta property=\"article:published_time\" content=\"2018-11-02T17:12:29+00:00\" \/>\n<meta property=\"og:image\" content=\"https:\/\/arredamont.it\/wp-content\/uploads\/2018\/11\/Ilaria-Roccon-di-Tai-di-Cadore-che-incide-il-legno.jpg\" \/>\n\t<meta property=\"og:image:width\" content=\"2000\" \/>\n\t<meta property=\"og:image:height\" content=\"1333\" \/>\n\t<meta property=\"og:image:type\" content=\"image\/jpeg\" \/>\n<meta name=\"author\" content=\"Longarone Fiere\" \/>\n<meta name=\"twitter:card\" content=\"summary_large_image\" \/>\n<meta name=\"twitter:label1\" content=\"Written by\" \/>\n\t<meta name=\"twitter:data1\" content=\"Longarone Fiere\" \/>\n\t<meta name=\"twitter:label2\" content=\"Est. reading time\" \/>\n\t<meta name=\"twitter:data2\" content=\"4 minutes\" \/>\n<script type=\"application\/ld+json\" class=\"yoast-schema-graph\">{\"@context\":\"https:\/\/schema.org\",\"@graph\":[{\"@type\":\"Article\",\"@id\":\"https:\/\/arredamont.it\/en\/arriva-il-week-end-finale-di-arredamont\/#article\",\"isPartOf\":{\"@id\":\"https:\/\/arredamont.it\/en\/arriva-il-week-end-finale-di-arredamont\/\"},\"author\":{\"name\":\"Longarone Fiere\",\"@id\":\"https:\/\/arredamont.it\/en\/#\/schema\/person\/2ce2f615148903aec7fe53b6cc9b5d54\"},\"headline\":\"Arriva il week-end finale di Arredamont\",\"datePublished\":\"2018-11-02T17:12:29+00:00\",\"mainEntityOfPage\":{\"@id\":\"https:\/\/arredamont.it\/en\/arriva-il-week-end-finale-di-arredamont\/\"},\"wordCount\":755,\"publisher\":{\"@id\":\"https:\/\/arredamont.it\/en\/#organization\"},\"image\":{\"@id\":\"https:\/\/arredamont.it\/en\/arriva-il-week-end-finale-di-arredamont\/#primaryimage\"},\"thumbnailUrl\":\"https:\/\/arredamont.it\/wp-content\/uploads\/2018\/11\/Ilaria-Roccon-di-Tai-di-Cadore-che-incide-il-legno.jpg\",\"keywords\":[\"Arredamont 2018\",\"C.I.T.A.\",\"Edoardo Comiotto\",\"Lino Gava\",\"Longarone Fiere\",\"Simonetta Giacomini\",\"Tappezzieri\"],\"articleSection\":[\"News\"],\"inLanguage\":\"en-US\"},{\"@type\":\"WebPage\",\"@id\":\"https:\/\/arredamont.it\/en\/arriva-il-week-end-finale-di-arredamont\/\",\"url\":\"https:\/\/arredamont.it\/en\/arriva-il-week-end-finale-di-arredamont\/\",\"name\":\"Arriva il week-end finale di Arredamont | Arredamont\",\"isPartOf\":{\"@id\":\"https:\/\/arredamont.it\/en\/#website\"},\"primaryImageOfPage\":{\"@id\":\"https:\/\/arredamont.it\/en\/arriva-il-week-end-finale-di-arredamont\/#primaryimage\"},\"image\":{\"@id\":\"https:\/\/arredamont.it\/en\/arriva-il-week-end-finale-di-arredamont\/#primaryimage\"},\"thumbnailUrl\":\"https:\/\/arredamont.it\/wp-content\/uploads\/2018\/11\/Ilaria-Roccon-di-Tai-di-Cadore-che-incide-il-legno.jpg\",\"datePublished\":\"2018-11-02T17:12:29+00:00\",\"breadcrumb\":{\"@id\":\"https:\/\/arredamont.it\/en\/arriva-il-week-end-finale-di-arredamont\/#breadcrumb\"},\"inLanguage\":\"en-US\",\"potentialAction\":[{\"@type\":\"ReadAction\",\"target\":[\"https:\/\/arredamont.it\/en\/arriva-il-week-end-finale-di-arredamont\/\"]}]},{\"@type\":\"ImageObject\",\"inLanguage\":\"en-US\",\"@id\":\"https:\/\/arredamont.it\/en\/arriva-il-week-end-finale-di-arredamont\/#primaryimage\",\"url\":\"https:\/\/arredamont.it\/wp-content\/uploads\/2018\/11\/Ilaria-Roccon-di-Tai-di-Cadore-che-incide-il-legno.jpg\",\"contentUrl\":\"https:\/\/arredamont.it\/wp-content\/uploads\/2018\/11\/Ilaria-Roccon-di-Tai-di-Cadore-che-incide-il-legno.jpg\",\"width\":2000,\"height\":1333,\"caption\":\"Ilaria Roccon di Tai di Cadore che incide il legno\"},{\"@type\":\"BreadcrumbList\",\"@id\":\"https:\/\/arredamont.it\/en\/arriva-il-week-end-finale-di-arredamont\/#breadcrumb\",\"itemListElement\":[{\"@type\":\"ListItem\",\"position\":1,\"name\":\"Home\",\"item\":\"https:\/\/arredamont.it\/en\/\"},{\"@type\":\"ListItem\",\"position\":2,\"name\":\"Arriva il week-end finale di Arredamont\"}]},{\"@type\":\"WebSite\",\"@id\":\"https:\/\/arredamont.it\/en\/#website\",\"url\":\"https:\/\/arredamont.it\/en\/\",\"name\":\"Arredamont\",\"description\":\"Longarone Fiere Dolomiti\",\"publisher\":{\"@id\":\"https:\/\/arredamont.it\/en\/#organization\"},\"potentialAction\":[{\"@type\":\"SearchAction\",\"target\":{\"@type\":\"EntryPoint\",\"urlTemplate\":\"https:\/\/arredamont.it\/en\/?s={search_term_string}\"},\"query-input\":{\"@type\":\"PropertyValueSpecification\",\"valueRequired\":true,\"valueName\":\"search_term_string\"}}],\"inLanguage\":\"en-US\"},{\"@type\":\"Organization\",\"@id\":\"https:\/\/arredamont.it\/en\/#organization\",\"name\":\"Arredamont\",\"url\":\"https:\/\/arredamont.it\/en\/\",\"logo\":{\"@type\":\"ImageObject\",\"inLanguage\":\"en-US\",\"@id\":\"https:\/\/arredamont.it\/en\/#\/schema\/logo\/image\/\",\"url\":\"https:\/\/arredamont.it\/wp-content\/uploads\/2025\/01\/arredamont.svg\",\"contentUrl\":\"https:\/\/arredamont.it\/wp-content\/uploads\/2025\/01\/arredamont.svg\",\"width\":1,\"height\":1,\"caption\":\"Arredamont\"},\"image\":{\"@id\":\"https:\/\/arredamont.it\/en\/#\/schema\/logo\/image\/\"},\"sameAs\":[\"https:\/\/www.facebook.com\/arredamont.longaronefiere\",\"https:\/\/www.instagram.com\/arredamont\/\",\"https:\/\/www.youtube.com\/playlist?list=PLaiTD5dlw7sCUICBsRH-WqiFGucWE7wDb\"]},{\"@type\":\"Person\",\"@id\":\"https:\/\/arredamont.it\/en\/#\/schema\/person\/2ce2f615148903aec7fe53b6cc9b5d54\",\"name\":\"Longarone Fiere\",\"image\":{\"@type\":\"ImageObject\",\"inLanguage\":\"en-US\",\"@id\":\"https:\/\/arredamont.it\/en\/#\/schema\/person\/image\/\",\"url\":\"https:\/\/secure.gravatar.com\/avatar\/960b08cc69204d10cd0c0d63246fedce35e46c9af83da7a1ea14285de9be3251?s=96&d=mm&r=g\",\"contentUrl\":\"https:\/\/secure.gravatar.com\/avatar\/960b08cc69204d10cd0c0d63246fedce35e46c9af83da7a1ea14285de9be3251?s=96&d=mm&r=g\",\"caption\":\"Longarone Fiere\"}}]}<\/script>\n<!-- \/ Yoast SEO plugin. -->","yoast_head_json":{"title":"Arriva il week-end finale di Arredamont | Arredamont","robots":{"index":"index","follow":"follow","max-snippet":"max-snippet:-1","max-image-preview":"max-image-preview:large","max-video-preview":"max-video-preview:-1"},"canonical":"https:\/\/arredamont.it\/en\/arriva-il-week-end-finale-di-arredamont\/","og_locale":"en_US","og_type":"article","og_title":"Arriva il week-end finale di Arredamont | Arredamont","og_description":"Una grandissima esposizione e importanti momenti di approfondimento grazie alla passione e al sacrificio dei nostri espositori artigiani e dello staff! E nessun problema a raggiungere la Fiera con la viabilit\u00e0 principale della Provincia ripristinata gi\u00e0 da alcuni giorni, merito del lavoro impagabile degli Addetti e dei Volontari. Arrivano gli ultimi due giorni della 41a [&hellip;]","og_url":"https:\/\/arredamont.it\/en\/arriva-il-week-end-finale-di-arredamont\/","og_site_name":"Arredamont","article_publisher":"https:\/\/www.facebook.com\/arredamont.longaronefiere","article_published_time":"2018-11-02T17:12:29+00:00","og_image":[{"width":2000,"height":1333,"url":"https:\/\/arredamont.it\/wp-content\/uploads\/2018\/11\/Ilaria-Roccon-di-Tai-di-Cadore-che-incide-il-legno.jpg","type":"image\/jpeg"}],"author":"Longarone Fiere","twitter_card":"summary_large_image","twitter_misc":{"Written by":"Longarone Fiere","Est. reading time":"4 minutes"},"schema":{"@context":"https:\/\/schema.org","@graph":[{"@type":"Article","@id":"https:\/\/arredamont.it\/en\/arriva-il-week-end-finale-di-arredamont\/#article","isPartOf":{"@id":"https:\/\/arredamont.it\/en\/arriva-il-week-end-finale-di-arredamont\/"},"author":{"name":"Longarone Fiere","@id":"https:\/\/arredamont.it\/en\/#\/schema\/person\/2ce2f615148903aec7fe53b6cc9b5d54"},"headline":"Arriva il week-end finale di Arredamont","datePublished":"2018-11-02T17:12:29+00:00","mainEntityOfPage":{"@id":"https:\/\/arredamont.it\/en\/arriva-il-week-end-finale-di-arredamont\/"},"wordCount":755,"publisher":{"@id":"https:\/\/arredamont.it\/en\/#organization"},"image":{"@id":"https:\/\/arredamont.it\/en\/arriva-il-week-end-finale-di-arredamont\/#primaryimage"},"thumbnailUrl":"https:\/\/arredamont.it\/wp-content\/uploads\/2018\/11\/Ilaria-Roccon-di-Tai-di-Cadore-che-incide-il-legno.jpg","keywords":["Arredamont 2018","C.I.T.A.","Edoardo Comiotto","Lino Gava","Longarone Fiere","Simonetta Giacomini","Tappezzieri"],"articleSection":["News"],"inLanguage":"en-US"},{"@type":"WebPage","@id":"https:\/\/arredamont.it\/en\/arriva-il-week-end-finale-di-arredamont\/","url":"https:\/\/arredamont.it\/en\/arriva-il-week-end-finale-di-arredamont\/","name":"Arriva il week-end finale di Arredamont | Arredamont","isPartOf":{"@id":"https:\/\/arredamont.it\/en\/#website"},"primaryImageOfPage":{"@id":"https:\/\/arredamont.it\/en\/arriva-il-week-end-finale-di-arredamont\/#primaryimage"},"image":{"@id":"https:\/\/arredamont.it\/en\/arriva-il-week-end-finale-di-arredamont\/#primaryimage"},"thumbnailUrl":"https:\/\/arredamont.it\/wp-content\/uploads\/2018\/11\/Ilaria-Roccon-di-Tai-di-Cadore-che-incide-il-legno.jpg","datePublished":"2018-11-02T17:12:29+00:00","breadcrumb":{"@id":"https:\/\/arredamont.it\/en\/arriva-il-week-end-finale-di-arredamont\/#breadcrumb"},"inLanguage":"en-US","potentialAction":[{"@type":"ReadAction","target":["https:\/\/arredamont.it\/en\/arriva-il-week-end-finale-di-arredamont\/"]}]},{"@type":"ImageObject","inLanguage":"en-US","@id":"https:\/\/arredamont.it\/en\/arriva-il-week-end-finale-di-arredamont\/#primaryimage","url":"https:\/\/arredamont.it\/wp-content\/uploads\/2018\/11\/Ilaria-Roccon-di-Tai-di-Cadore-che-incide-il-legno.jpg","contentUrl":"https:\/\/arredamont.it\/wp-content\/uploads\/2018\/11\/Ilaria-Roccon-di-Tai-di-Cadore-che-incide-il-legno.jpg","width":2000,"height":1333,"caption":"Ilaria Roccon di Tai di Cadore che incide il legno"},{"@type":"BreadcrumbList","@id":"https:\/\/arredamont.it\/en\/arriva-il-week-end-finale-di-arredamont\/#breadcrumb","itemListElement":[{"@type":"ListItem","position":1,"name":"Home","item":"https:\/\/arredamont.it\/en\/"},{"@type":"ListItem","position":2,"name":"Arriva il week-end finale di Arredamont"}]},{"@type":"WebSite","@id":"https:\/\/arredamont.it\/en\/#website","url":"https:\/\/arredamont.it\/en\/","name":"Arredamont","description":"Longarone Fiere Dolomiti","publisher":{"@id":"https:\/\/arredamont.it\/en\/#organization"},"potentialAction":[{"@type":"SearchAction","target":{"@type":"EntryPoint","urlTemplate":"https:\/\/arredamont.it\/en\/?s={search_term_string}"},"query-input":{"@type":"PropertyValueSpecification","valueRequired":true,"valueName":"search_term_string"}}],"inLanguage":"en-US"},{"@type":"Organization","@id":"https:\/\/arredamont.it\/en\/#organization","name":"Arredamont","url":"https:\/\/arredamont.it\/en\/","logo":{"@type":"ImageObject","inLanguage":"en-US","@id":"https:\/\/arredamont.it\/en\/#\/schema\/logo\/image\/","url":"https:\/\/arredamont.it\/wp-content\/uploads\/2025\/01\/arredamont.svg","contentUrl":"https:\/\/arredamont.it\/wp-content\/uploads\/2025\/01\/arredamont.svg","width":1,"height":1,"caption":"Arredamont"},"image":{"@id":"https:\/\/arredamont.it\/en\/#\/schema\/logo\/image\/"},"sameAs":["https:\/\/www.facebook.com\/arredamont.longaronefiere","https:\/\/www.instagram.com\/arredamont\/","https:\/\/www.youtube.com\/playlist?list=PLaiTD5dlw7sCUICBsRH-WqiFGucWE7wDb"]},{"@type":"Person","@id":"https:\/\/arredamont.it\/en\/#\/schema\/person\/2ce2f615148903aec7fe53b6cc9b5d54","name":"Longarone Fiere","image":{"@type":"ImageObject","inLanguage":"en-US","@id":"https:\/\/arredamont.it\/en\/#\/schema\/person\/image\/","url":"https:\/\/secure.gravatar.com\/avatar\/960b08cc69204d10cd0c0d63246fedce35e46c9af83da7a1ea14285de9be3251?s=96&d=mm&r=g","contentUrl":"https:\/\/secure.gravatar.com\/avatar\/960b08cc69204d10cd0c0d63246fedce35e46c9af83da7a1ea14285de9be3251?s=96&d=mm&r=g","caption":"Longarone Fiere"}}]}},"_links":{"self":[{"href":"https:\/\/arredamont.it\/en\/wp-json\/wp\/v2\/posts\/3690","targetHints":{"allow":["GET"]}}],"collection":[{"href":"https:\/\/arredamont.it\/en\/wp-json\/wp\/v2\/posts"}],"about":[{"href":"https:\/\/arredamont.it\/en\/wp-json\/wp\/v2\/types\/post"}],"author":[{"embeddable":true,"href":"https:\/\/arredamont.it\/en\/wp-json\/wp\/v2\/users\/3"}],"replies":[{"embeddable":true,"href":"https:\/\/arredamont.it\/en\/wp-json\/wp\/v2\/comments?post=3690"}],"version-history":[{"count":0,"href":"https:\/\/arredamont.it\/en\/wp-json\/wp\/v2\/posts\/3690\/revisions"}],"wp:featuredmedia":[{"embeddable":true,"href":"https:\/\/arredamont.it\/en\/wp-json\/wp\/v2\/media\/18734"}],"wp:attachment":[{"href":"https:\/\/arredamont.it\/en\/wp-json\/wp\/v2\/media?parent=3690"}],"wp:term":[{"taxonomy":"category","embeddable":true,"href":"https:\/\/arredamont.it\/en\/wp-json\/wp\/v2\/categories?post=3690"},{"taxonomy":"post_tag","embeddable":true,"href":"https:\/\/arredamont.it\/en\/wp-json\/wp\/v2\/tags?post=3690"}],"curies":[{"name":"wp","href":"https:\/\/api.w.org\/{rel}","templated":true}]}}